{"id":12691,"date":"2021-12-06T15:12:01","date_gmt":"2021-12-06T18:12:01","guid":{"rendered":"http:\/\/esreviral.com\/?p=12691"},"modified":"2021-12-06T15:12:01","modified_gmt":"2021-12-06T18:12:01","slug":"la-provincia-de-buenos-aires-exigira-un-pase-sanitario-a-partir-del-21-de-diciembre","status":"publish","type":"post","link":"https:\/\/esreviral.com\/?p=12691","title":{"rendered":"La provincia de Buenos Aires exigir\u00e1 un pase sanitario a partir del 21 de diciembre"},"content":{"rendered":"\n<p><strong><em>CIS.-<\/em><\/strong> Ante la llegada de la cepa \u00d3micron en Argentina, el gobernador de la provincia de Buenos Aires, Axel Kicillof, inform\u00f3 que a partir del 21 de diciembre exigir\u00e1n a los mayores de 13 a\u00f1os un pase sanitario para asistir a eventos culturales, deportivos, religiosos que sean masivos y en espacios cerrados. <\/p>\n\n\n\n<p>La misma obligaci\u00f3n correr\u00e1 para tr\u00e1mites p\u00fablicos ante organismos provinciales y gubernamentales y para privados en lugares cerrados. Asimismo, los trabajadores que realicen atenci\u00f3n al p\u00fablico, en entidades p\u00fablicas o privadas, tambi\u00e9n est\u00e1n alcanzados por la medida.<\/p>\n\n\n\n<p>Pase Libre con Vacuna es el nombre que le han puesto y se podr\u00e1 presentar con la aplicaci\u00f3n Vacunate PBA, Mi Argentina, el carnet f\u00edsico y la libreta sanitaria.<\/p>\n\n\n\n<p><\/p>\n","protected":false},"excerpt":{"rendered":"<p>Pase Libre con Vacuna es el nombre que le han puesto y se podr\u00e1 presentar con la aplicaci\u00f3n Vacunate PBA, Mi Argentina, el carnet f\u00edsico y la libreta sanitaria<\/p>\n","protected":false},"author":2,"featured_media":12692,"comment_status":"open","ping_status":"open","sticky":false,"template":"","format":"standard","meta":{"jnews-multi-image_gallery":[],"jnews_single_post":[],"jnews_primary_category":[],"jnews_social_meta":[],"jnews_review":[],"enable_review":"","type":"","name":"","summary":"","brand":"","sku":"","good":[],"bad":[],"score_override":"","override_value":"","rating":[],"price":[],"jnews_override_counter":[],"jnews_post_split":[],"footnotes":""},"categories":[76],"tags":[888,77,45,363],"class_list":["post-12691","post","type-post","status-publish","format-standard","has-post-thumbnail","hentry","category-coronavirus","tag-axel-kicillof","tag-coronavirus","tag-noticias","tag-provincia-de-buenos-aires"],"_links":{"self":[{"href":"https:\/\/esreviral.com\/index.php?rest_route=\/wp\/v2\/posts\/12691","targetHints":{"allow":["GET"]}}],"collection":[{"href":"https:\/\/esreviral.com\/index.php?rest_route=\/wp\/v2\/posts"}],"about":[{"href":"https:\/\/esreviral.com\/index.php?rest_route=\/wp\/v2\/types\/post"}],"author":[{"embeddable":true,"href":"https:\/\/esreviral.com\/index.php?rest_route=\/wp\/v2\/users\/2"}],"replies":[{"embeddable":true,"href":"https:\/\/esreviral.com\/index.php?rest_route=%2Fwp%2Fv2%2Fcomments&post=12691"}],"version-history":[{"count":0,"href":"https:\/\/esreviral.com\/index.php?rest_route=\/wp\/v2\/posts\/12691\/revisions"}],"wp:featuredmedia":[{"embeddable":true,"href":"https:\/\/esreviral.com\/index.php?rest_route=\/"}],"wp:attachment":[{"href":"https:\/\/esreviral.com\/index.php?rest_route=%2Fwp%2Fv2%2Fmedia&parent=12691"}],"wp:term":[{"taxonomy":"category","embeddable":true,"href":"https:\/\/esreviral.com\/index.php?rest_route=%2Fwp%2Fv2%2Fcategories&post=12691"},{"taxonomy":"post_tag","embeddable":true,"href":"https:\/\/esreviral.com\/index.php?rest_route=%2Fwp%2Fv2%2Ftags&post=12691"}],"curies":[{"name":"wp","href":"https:\/\/api.w.org\/{rel}","templated":true}]}}