{"id":12549,"date":"2021-11-30T11:09:19","date_gmt":"2021-11-30T14:09:19","guid":{"rendered":"http:\/\/esreviral.com\/?p=12549"},"modified":"2021-11-30T11:09:19","modified_gmt":"2021-11-30T14:09:19","slug":"afip-como-quedaran-las-nuevas-escalas-del-monotributo-2022","status":"publish","type":"post","link":"https:\/\/esreviral.com\/?p=12549","title":{"rendered":"AFIP: c\u00f3mo quedar\u00e1n las nuevas escalas del Monotributo 2022"},"content":{"rendered":"\n<p>Seg\u00fan trascendi\u00f3<strong>, el incremento que aplicar\u00e1 la&nbsp;AFIP&nbsp;ser\u00eda de 52,7% en las cuotas del monotributo a partir de enero 2022<\/strong>. El n\u00famero se desprende de los \u00faltimos datos sobre c\u00f3mo se ajustar\u00e1n los haberes por la movilidad jubilatoria.<\/p>\n\n\n\n<p><strong>Desde 2018, las variables del r\u00e9gimen del monotributo se ajustan cada mes de enero seg\u00fan el incremento acumulado por las jubilaciones del sistema general de la ANSES en el a\u00f1o previo.<\/strong>\u00a0En 2021, el \u00edndice de movilidad fue de 8,07% en marzo, 12,39% en junio y 12,12% en septiembre, y ser\u00e1 de 12,11% en diciembre. Entonces, el nivel de suba que se les deber\u00eda aplicar a los valores de facturaci\u00f3n admitida en cada categor\u00eda es de 52,67%.<\/p>\n\n\n\n<p>De esta forma, es posible estimar que las facturaciones m\u00e1ximas para estar en el r\u00e9gimen llegar\u00e1n a $3.969.420 (actividades de servicios) y $5.648.790 (monotributistas dedicados al comercio).<strong>&nbsp;Tener ingresos superiores obligar\u00e1 a los contribuyentes a dejar el sistema del monotributo para pasar al r\u00e9gimen general.<\/strong><\/p>\n\n\n\n<h3 class=\"wp-block-heading\">Las nuevas escalas<\/h3>\n\n\n\n<p>Cona actualizaci\u00f3n que marca la ley har\u00e1 que desde enero pr\u00f3ximo,<strong>&nbsp;las escalas del Monotributo queden&nbsp;de la siguiente manera:<\/strong><\/p>\n\n\n\n<ul class=\"wp-block-list\"><li><strong>Categor\u00eda A:<\/strong>&nbsp;pasar\u00e1 de $370.000 a un l\u00edmite de facturaci\u00f3n de&nbsp;$564.879 anuales&nbsp;o&nbsp;poco m\u00e1s de $47.000 por mes.<\/li><li><strong>Categor\u00eda B:<\/strong>&nbsp;pasa de $550.000 a un m\u00e1ximo de&nbsp;$839.685;<\/li><li><strong>Categor\u00eda C:<\/strong>&nbsp;de $770.000 sube a&nbsp;$1.175.559;<\/li><li><strong>Categor\u00eda D:<\/strong>&nbsp;el monto m\u00e1ximo pasa de $1.060.000 a&nbsp;$1.618.302;<\/li><li><strong>Categor\u00eda E:<\/strong>&nbsp;desde los $1.400.000 actuales, desde enero quedar\u00e1 en&nbsp;$2.137.380;<\/li><li><strong>Categor\u00eda F:&nbsp;<\/strong>el tope de facturaci\u00f3n pasar\u00e1 de $1.750.000 a&nbsp;$2.671.725;<\/li><li><strong>Categor\u00eda G<\/strong>: el m\u00e1ximo aumenta desde $2.100.000 hasta&nbsp;$3.206.070,<\/li><li><strong>Categor\u00eda H:<\/strong>&nbsp;es la m\u00e1s alta para quienes venden servicios y el techo de facturaci\u00f3n pasar\u00e1 de $2.600.000 a&nbsp;$3.969.420;<\/li><li><strong>Categor\u00eda I:&nbsp;<\/strong>el m\u00e1ximo aumenta de $2.910.000 a&nbsp;$4.442.697;<\/li><li><strong>Categor\u00eda J:<\/strong>&nbsp;el tope que es de $3.335.000 se incrementar\u00e1 hasta&nbsp;$5.091.544.<\/li><li><strong>Categor\u00eda K:<\/strong>&nbsp;de $3.700.000 pasar\u00e1 en enero a&nbsp;$5.648.790.<\/li><\/ul>\n\n\n\n<p>En tanto, los valores de lo que se paga mensualmente, sumando el componente impositivo y los aportes a la obra social y al sistema jubilatorio, se ubican desde julio en un rango que va de $2646,22 (categor\u00eda A, cualquiera sea la actividad) a $19.912,74 (categor\u00eda K, solo admitida para comercio).\u00a0<strong>Y el a\u00f1o pr\u00f3ximo pasar\u00e1n a ubicarse, con el reajuste, en cifras de entre $4.040 y $30.401, aproximadamente.<\/strong><\/p>\n\n\n\n<p><strong>AFIP impulsa la aprobaci\u00f3n de un proyecto de ley que busca liberar a quienes est\u00e9n en las categor\u00edas A, B y C del pago de la parte impositiva de la cuota mensual,\u00a0<\/strong>que hoy en el escal\u00f3n m\u00e1s bajo es de $228,63. Por ahora, esa iniciativa, que fue anunciada en octubre pasado, no tiene fecha prevista para ser tratada en el Congreso.<\/p>\n\n\n\n<p><strong><em>Filo News<\/em><\/strong><\/p>\n","protected":false},"excerpt":{"rendered":"<p>El incremento en las cuotas del monotributo ser\u00eda del 52,7%, a partir de enero 2022. <\/p>\n","protected":false},"author":2,"featured_media":12550,"comment_status":"open","ping_status":"open","sticky":false,"template":"","format":"standard","meta":{"jnews-multi-image_gallery":[],"jnews_single_post":[],"jnews_primary_category":[],"jnews_social_meta":[],"jnews_review":[],"enable_review":"","type":"","name":"","summary":"","brand":"","sku":"","good":[],"bad":[],"score_override":"","override_value":"","rating":[],"price":[],"jnews_override_counter":[],"jnews_post_split":[],"footnotes":""},"categories":[61],"tags":[571,44],"class_list":["post-12549","post","type-post","status-publish","format-standard","has-post-thumbnail","hentry","category-economia","tag-afip","tag-argentina"],"amp_enabled":true,"_links":{"self":[{"href":"https:\/\/esreviral.com\/index.php?rest_route=\/wp\/v2\/posts\/12549"}],"collection":[{"href":"https:\/\/esreviral.com\/index.php?rest_route=\/wp\/v2\/posts"}],"about":[{"href":"https:\/\/esreviral.com\/index.php?rest_route=\/wp\/v2\/types\/post"}],"author":[{"embeddable":true,"href":"https:\/\/esreviral.com\/index.php?rest_route=\/wp\/v2\/users\/2"}],"replies":[{"embeddable":true,"href":"https:\/\/esreviral.com\/index.php?rest_route=%2Fwp%2Fv2%2Fcomments&post=12549"}],"version-history":[{"count":0,"href":"https:\/\/esreviral.com\/index.php?rest_route=\/wp\/v2\/posts\/12549\/revisions"}],"wp:featuredmedia":[{"embeddable":true,"href":"https:\/\/esreviral.com\/index.php?rest_route=\/"}],"wp:attachment":[{"href":"https:\/\/esreviral.com\/index.php?rest_route=%2Fwp%2Fv2%2Fmedia&parent=12549"}],"wp:term":[{"taxonomy":"category","embeddable":true,"href":"https:\/\/esreviral.com\/index.php?rest_route=%2Fwp%2Fv2%2Fcategories&post=12549"},{"taxonomy":"post_tag","embeddable":true,"href":"https:\/\/esreviral.com\/index.php?rest_route=%2Fwp%2Fv2%2Ftags&post=12549"}],"curies":[{"name":"wp","href":"https:\/\/api.w.org\/{rel}","templated":true}]}}