{"id":12351,"date":"2021-11-23T11:39:31","date_gmt":"2021-11-23T14:39:31","guid":{"rendered":"http:\/\/esreviral.com\/?p=12351"},"modified":"2021-11-23T11:39:31","modified_gmt":"2021-11-23T14:39:31","slug":"atacan-con-bombas-molotov-sede-del-diario-clarin","status":"publish","type":"post","link":"https:\/\/esreviral.com\/?p=12351","title":{"rendered":"Atacan con bombas molotov sede del diario Clar\u00edn (+VIDEO)"},"content":{"rendered":"\n<p>Al menos nueve sujetos encapuchados, atacaron la sede del diario Clar\u00edn de Buenos Aires. En un video de seguridad difundido por la empresa, se observa como los antisociales, lanzan las bombas contra la estructura a pesar de que hab\u00edan trabajadores adentro. <\/p>\n\n\n\n<p>Afortunadamente no hubo lesionados.<\/p>\n\n\n\n<p>Personal de seguridad realiz\u00f3 un reporte del hecho: a las 23:05 del lunes, se observ\u00f3 a los encapuchados llegar caminando por la calle Piedras hasta el frente del edificio, donde encendieron y arrojaron entre 7 y 8 bombas molotov.<\/p>\n\n\n\n<p>A las 23:15, una dotaci\u00f3n de Bomberos lleg\u00f3 al lugar. No hizo falta su intervenci\u00f3n porque el fuego ya hab\u00eda sido sofocado. Minutos m\u00e1s tarde, arrib\u00f3 personal de la comisar\u00eda 4D, a cargo del oficial Alexis G\u00f3mez, quienes junto a los Bomberos realizaron las pericias correspondientes. La investigaci\u00f3n qued\u00f3 bajo la \u00f3rbita del juez federal Luis Rodr\u00edguez. No hubo heridos ni da\u00f1os materiales.<\/p>\n\n\n\n<figure class=\"wp-block-embed-twitter wp-block-embed is-type-rich is-provider-twitter\"><div class=\"wp-block-embed__wrapper\">\n<blockquote class=\"twitter-tweet\" data-width=\"500\" data-dnt=\"true\"><p lang=\"es\" dir=\"ltr\">\ud83d\udd34 Atacan con bombas molotov el edificio de Clar\u00edn. Al menos nueve personas arrojaron entre siete y ocho bombas contra el frente del edificio. M\u00e1s: <a href=\"https:\/\/t.co\/8s69kxrxLY\">https:\/\/t.co\/8s69kxrxLY<\/a> <a href=\"https:\/\/t.co\/lqb5gU2Xru\">pic.twitter.com\/lqb5gU2Xru<\/a><\/p>&mdash; Clar\u00edn (@clarincom) <a href=\"https:\/\/twitter.com\/clarincom\/status\/1463140192777383938?ref_src=twsrc%5Etfw\">November 23, 2021<\/a><\/blockquote><script async src=\"https:\/\/platform.twitter.com\/widgets.js\" charset=\"utf-8\"><\/script>\n<\/div><\/figure>\n\n\n\n<p>Desde ADEPA, que es la asociaci\u00f3n de periodistas argentinos, rechazaron la situaci\u00f3n, que amedrenta la libertad de expresi\u00f3n. <\/p>\n","protected":false},"excerpt":{"rendered":"<p>Afortunadamente no hubo lesionados<\/p>\n","protected":false},"author":2,"featured_media":12352,"comment_status":"open","ping_status":"open","sticky":false,"template":"","format":"standard","meta":{"jnews-multi-image_gallery":[],"jnews_single_post":[],"jnews_primary_category":[],"jnews_social_meta":[],"jnews_review":[],"enable_review":"","type":"","name":"","summary":"","brand":"","sku":"","good":[],"bad":[],"score_override":"","override_value":"","rating":[],"price":[],"jnews_override_counter":[],"jnews_post_split":[],"footnotes":""},"categories":[58],"tags":[1301,1302,45],"class_list":["post-12351","post","type-post","status-publish","format-standard","has-post-thumbnail","hentry","category-argentina","tag-bombas-molotov","tag-clarin","tag-noticias"],"amp_enabled":true,"_links":{"self":[{"href":"https:\/\/esreviral.com\/index.php?rest_route=\/wp\/v2\/posts\/12351"}],"collection":[{"href":"https:\/\/esreviral.com\/index.php?rest_route=\/wp\/v2\/posts"}],"about":[{"href":"https:\/\/esreviral.com\/index.php?rest_route=\/wp\/v2\/types\/post"}],"author":[{"embeddable":true,"href":"https:\/\/esreviral.com\/index.php?rest_route=\/wp\/v2\/users\/2"}],"replies":[{"embeddable":true,"href":"https:\/\/esreviral.com\/index.php?rest_route=%2Fwp%2Fv2%2Fcomments&post=12351"}],"version-history":[{"count":0,"href":"https:\/\/esreviral.com\/index.php?rest_route=\/wp\/v2\/posts\/12351\/revisions"}],"wp:featuredmedia":[{"embeddable":true,"href":"https:\/\/esreviral.com\/index.php?rest_route=\/"}],"wp:attachment":[{"href":"https:\/\/esreviral.com\/index.php?rest_route=%2Fwp%2Fv2%2Fmedia&parent=12351"}],"wp:term":[{"taxonomy":"category","embeddable":true,"href":"https:\/\/esreviral.com\/index.php?rest_route=%2Fwp%2Fv2%2Fcategories&post=12351"},{"taxonomy":"post_tag","embeddable":true,"href":"https:\/\/esreviral.com\/index.php?rest_route=%2Fwp%2Fv2%2Ftags&post=12351"}],"curies":[{"name":"wp","href":"https:\/\/api.w.org\/{rel}","templated":true}]}}