{"id":12340,"date":"2021-11-23T10:34:52","date_gmt":"2021-11-23T13:34:52","guid":{"rendered":"http:\/\/esreviral.com\/?p=12340"},"modified":"2021-11-23T10:34:52","modified_gmt":"2021-11-23T13:34:52","slug":"cruce-diplomatico-entre-argentina-y-chile-por-resultados-electorales","status":"publish","type":"post","link":"https:\/\/esreviral.com\/?p=12340","title":{"rendered":"Cruce diplom\u00e1tico entre Argentina y Chile por resultados electorales"},"content":{"rendered":"\n<p>Tras un d\u00eda de cr\u00edticas y\u00a0<strong>tensi\u00f3n diplom\u00e1tica<\/strong>\u00a0por los dichos del embajador argentino\u00a0Rafael Bielsa\u00a0sobre el candidato presidencial\u00a0Jos\u00e9 Antonio Kast, en\u00a0Chile, el canciller\u00a0Santiago Cafiero\u00a0<strong>difundi\u00f3\u00a0que se comunic\u00f3<\/strong>\u00a0con su par chileno, en un gesto de\u00a0<strong>descomprimir el conflicto generado<\/strong>.<\/p>\n\n\n\n<p>\u00abCafiero se comunic\u00f3 esta tarde con Andr\u00e9s Allamand, el ministro de Relaciones Exteriores de Chile, a quien\u00a0<strong>le reiter\u00f3 la decisi\u00f3n<\/strong>\u00a0de la Argentina de &#8216;<strong>trabajar con el gobierno que resulte ganador<\/strong>\u00a0una vez que finalice el proceso electoral&#8217; en el vecino pa\u00eds\u00bb, hizo saber informalmente el entorno del exjefe de Gabinete de\u00a0Alberto Fern\u00e1ndez, ahora jefe de la diplomacia argentina.<\/p>\n\n\n\n<p>La intervenci\u00f3n de Cafiero se dio luego de que la Canciller\u00eda de Chile rechazara este lunes los dichos Bielsa contra Kast, el candidato presidencial que sali\u00f3 primero en las elecciones de este domingo, por referirse al mismo \u00aben t\u00e9rminos inadecuados\u00bb.<\/p>\n\n\n\n<p>En declaraciones radiales, Bielsa -embajador argentino en Chile- calific\u00f3 este lunes por la ma\u00f1ana\u00a0de antiargentino al l\u00edder derechista\u00a0que sali\u00f3 primero en los comicios presidenciales de este domingo en ese pa\u00eds, y lo compar\u00f3 con el ex mandatario de los Estados Unidos\u00a0Donald Trump\u00a0y con el presidente de Brasil,\u00a0Jair Bolsonaro.<\/p>\n\n\n\n<figure class=\"wp-block-image size-large\"><img decoding=\"async\" src=\"https:\/\/www.clarin.com\/img\/2021\/10\/21\/rafael-bielsa-embajador-argentino-en___2sIFJxy63_720x0__1.jpg\" alt=\"\"\/><\/figure>\n\n\n\n<p>\u00abEstas expresiones representan\u00a0una intromisi\u00f3n inaceptable\u00a0en los asuntos internos de Chile y vulneran normas de la Convenci\u00f3n de Viena sobre Relaciones diplom\u00e1ticas\u00bb, advirtieron con dureza desde la diplomacia chilena.<\/p>\n\n\n\n<p>Los dichos de Bielsa tambi\u00e9n recibieron cr\u00edticas en el pa\u00eds, donde se volvi\u00f3 a marcar la distinta vara como el Gobierno se para ante el devenir interno de pa\u00edses donde las gestiones a cargo le son m\u00e1s o menos ideol\u00f3gicamente aceptables.<\/p>\n\n\n\n<p>\u00abLa de Kast es una derecha rupturista, pinochetista, que no habla de derechos humanos, ni de desaparici\u00f3n de personas, ni de tortura, ni de responsabilidades estatales, y que no teme decir su nombre\u00bb, dijo Bielsa en declaraciones a las radios El Destape y Radio Con Vos.<\/p>\n\n\n\n<p class=\"has-text-align-right\"><strong><em>Clar\u00edn.-<\/em><\/strong><\/p>\n","protected":false},"excerpt":{"rendered":"<p>\u00abEstas expresiones representan una intromisi\u00f3n inaceptable en los asuntos internos de Chile y vulneran normas de la Convenci\u00f3n de Viena sobre Relaciones diplom\u00e1ticas\u00bb, advirtieron con dureza desde la diplomacia chilena<\/p>\n","protected":false},"author":2,"featured_media":12341,"comment_status":"open","ping_status":"open","sticky":false,"template":"","format":"standard","meta":{"jnews-multi-image_gallery":[],"jnews_single_post":[],"jnews_primary_category":[],"jnews_social_meta":[],"jnews_review":[],"enable_review":"","type":"","name":"","summary":"","brand":"","sku":"","good":[],"bad":[],"score_override":"","override_value":"","rating":[],"price":[],"jnews_override_counter":[],"jnews_post_split":[],"footnotes":""},"categories":[88],"tags":[44,386,45],"class_list":["post-12340","post","type-post","status-publish","format-standard","has-post-thumbnail","hentry","category-internacionales","tag-argentina","tag-chile","tag-noticias"],"amp_enabled":true,"_links":{"self":[{"href":"https:\/\/esreviral.com\/index.php?rest_route=\/wp\/v2\/posts\/12340"}],"collection":[{"href":"https:\/\/esreviral.com\/index.php?rest_route=\/wp\/v2\/posts"}],"about":[{"href":"https:\/\/esreviral.com\/index.php?rest_route=\/wp\/v2\/types\/post"}],"author":[{"embeddable":true,"href":"https:\/\/esreviral.com\/index.php?rest_route=\/wp\/v2\/users\/2"}],"replies":[{"embeddable":true,"href":"https:\/\/esreviral.com\/index.php?rest_route=%2Fwp%2Fv2%2Fcomments&post=12340"}],"version-history":[{"count":0,"href":"https:\/\/esreviral.com\/index.php?rest_route=\/wp\/v2\/posts\/12340\/revisions"}],"wp:featuredmedia":[{"embeddable":true,"href":"https:\/\/esreviral.com\/index.php?rest_route=\/"}],"wp:attachment":[{"href":"https:\/\/esreviral.com\/index.php?rest_route=%2Fwp%2Fv2%2Fmedia&parent=12340"}],"wp:term":[{"taxonomy":"category","embeddable":true,"href":"https:\/\/esreviral.com\/index.php?rest_route=%2Fwp%2Fv2%2Fcategories&post=12340"},{"taxonomy":"post_tag","embeddable":true,"href":"https:\/\/esreviral.com\/index.php?rest_route=%2Fwp%2Fv2%2Ftags&post=12340"}],"curies":[{"name":"wp","href":"https:\/\/api.w.org\/{rel}","templated":true}]}}