{"id":12337,"date":"2021-11-23T10:22:09","date_gmt":"2021-11-23T13:22:09","guid":{"rendered":"http:\/\/esreviral.com\/?p=12337"},"modified":"2021-11-23T10:22:09","modified_gmt":"2021-11-23T13:22:09","slug":"se-quedo-dormido-y-choco-contra-dos-autos-estacionados-en-boedo","status":"publish","type":"post","link":"https:\/\/esreviral.com\/?p=12337","title":{"rendered":"Se qued\u00f3 dormido y choc\u00f3 contra dos autos estacionados en Boedo"},"content":{"rendered":"\n<p><strong>El conductor de un autom\u00f3vil se qued\u00f3 dormido y embisti\u00f3 este martes por la ma\u00f1ana a otros dos veh\u00edculos<\/strong>&nbsp;estacionados en el&nbsp;<strong>barrio porte\u00f1o de Boedo<\/strong>, sin que se registraran heridos, seg\u00fan informaron fuentes policiales.<\/p>\n\n\n\n<p>El incidente se produjo poco antes de las 7.00&nbsp;<strong>en la intersecci\u00f3n de avenida San Juan y Maza<\/strong>, y por el hecho se dispuso reducci\u00f3n de la calzada, pero sin la interrupci\u00f3n de la circulaci\u00f3n vehicular en la zona.<\/p>\n\n\n\n<p>Seg\u00fan el reporte oficial, el conductor de un Volkswagen Suran se qued\u00f3 dormido manejando y choc\u00f3 contra la parte trasera de un Chevrolet Astra que estaba estacionado y que, a su vez, impact\u00f3 contra una camioneta que estaba adelante, tambi\u00e9n estacionada.<\/p>\n\n\n\n<p class=\"has-text-align-right\"><strong><em>Telam.-<\/em><\/strong><\/p>\n","protected":false},"excerpt":{"rendered":"<p>El incidente se produjo poco antes de las 7.00 en la intersecci\u00f3n de avenida San Juan y Maza<\/p>\n","protected":false},"author":2,"featured_media":12338,"comment_status":"open","ping_status":"open","sticky":false,"template":"","format":"standard","meta":{"jnews-multi-image_gallery":[],"jnews_single_post":[],"jnews_primary_category":[],"jnews_social_meta":[],"jnews_review":[],"enable_review":"","type":"","name":"","summary":"","brand":"","sku":"","good":[],"bad":[],"score_override":"","override_value":"","rating":[],"price":[],"jnews_override_counter":[],"jnews_post_split":[],"footnotes":""},"categories":[58],"tags":[433,44,45],"class_list":["post-12337","post","type-post","status-publish","format-standard","has-post-thumbnail","hentry","category-argentina","tag-accidente","tag-argentina","tag-noticias"],"amp_enabled":true,"_links":{"self":[{"href":"https:\/\/esreviral.com\/index.php?rest_route=\/wp\/v2\/posts\/12337"}],"collection":[{"href":"https:\/\/esreviral.com\/index.php?rest_route=\/wp\/v2\/posts"}],"about":[{"href":"https:\/\/esreviral.com\/index.php?rest_route=\/wp\/v2\/types\/post"}],"author":[{"embeddable":true,"href":"https:\/\/esreviral.com\/index.php?rest_route=\/wp\/v2\/users\/2"}],"replies":[{"embeddable":true,"href":"https:\/\/esreviral.com\/index.php?rest_route=%2Fwp%2Fv2%2Fcomments&post=12337"}],"version-history":[{"count":0,"href":"https:\/\/esreviral.com\/index.php?rest_route=\/wp\/v2\/posts\/12337\/revisions"}],"wp:featuredmedia":[{"embeddable":true,"href":"https:\/\/esreviral.com\/index.php?rest_route=\/"}],"wp:attachment":[{"href":"https:\/\/esreviral.com\/index.php?rest_route=%2Fwp%2Fv2%2Fmedia&parent=12337"}],"wp:term":[{"taxonomy":"category","embeddable":true,"href":"https:\/\/esreviral.com\/index.php?rest_route=%2Fwp%2Fv2%2Fcategories&post=12337"},{"taxonomy":"post_tag","embeddable":true,"href":"https:\/\/esreviral.com\/index.php?rest_route=%2Fwp%2Fv2%2Ftags&post=12337"}],"curies":[{"name":"wp","href":"https:\/\/api.w.org\/{rel}","templated":true}]}}