{"id":1233,"date":"2020-11-02T23:00:02","date_gmt":"2020-11-02T23:00:02","guid":{"rendered":"http:\/\/esreviral.com\/?p=1233"},"modified":"2020-11-02T23:00:02","modified_gmt":"2020-11-02T23:00:02","slug":"diego-maradona-fue-internado-en-una-clinica-de-la-plata","status":"publish","type":"post","link":"https:\/\/esreviral.com\/?p=1233","title":{"rendered":"Diego Maradona fue internado en una cl\u00ednica de La Plata"},"content":{"rendered":"\n<p>Diego Maradona\u00a0fue internado este lunes en una cl\u00ednica de la ciudad de La Plata, apenas un par de d\u00edas despu\u00e9s de cumplir 60 a\u00f1os. El entrenador de Gimnasia y Esgrima es sometido en estas horas a una serie de ex\u00e1menes. Si bien no es una situaci\u00f3n de emergencia, s\u00ed se determin\u00f3 un ingreso para evaluarlo, lo que fue considerado como algo necesario por parte de los m\u00e9dicos que lo tratan.<\/p>\n\n\n\n<p>La internaci\u00f3n de Maradona se decidi\u00f3 despu\u00e9s de que\u00a0no se lo vio bien el viernes pasado\u00a0, cuando particip\u00f3 de un breve homenaje que se le realiz\u00f3 en el campo de juego del estadio Carmelo Zerillo, antes del partido que su equipo disput\u00f3 con Patronato de Paran\u00e1 por la primera fecha de la Copa de la Liga Profesional.El homenaje a Diego Maradona en su cumplea\u00f1os 60 y su r\u00e1pida salida del estadio de Gimnasia<\/p>\n\n\n\n<p>En principio, Maradona no iba a estar presente en el partido, pero finalmente decidi\u00f3 acudir a un reconocimiento, en el que Marcelo Tinelli, presidente de la Liga Profesional, y Claudio Tapia, titular de la AFA, le entregaron una plaqueta de homenaje, en lo que fue su \u00faltima aparici\u00f3n p\u00fablica por el momento.<\/p>\n\n\n\n<figure class=\"wp-block-image\"><img decoding=\"async\" src=\"https:\/\/bucket2.glanacion.com\/anexos\/fotos\/43\/3464343w320.jpg\" alt=\"\"\/><figcaption>Maradona, en el homenaje que se le realiz\u00f3 el viernes pasado en el estadio de Gimnasia\u00a0Fuente: AFP<\/figcaption><\/figure>\n\n\n\n<p>Sin embargo, el excapit\u00e1n y director t\u00e9cnico de la selecci\u00f3n nacional mostr\u00f3 serias dificultades para recorrer el sendero entre el vestuario y el terreno de juego, y debi\u00f3 ser acompa\u00f1ado por dos asistentes. Despu\u00e9s de charlar brevemente con ambos dirigentes, se sent\u00f3 un rato en el sill\u00f3n que tiene al lado del banco de suplentes, pero no lleg\u00f3 a terminar de ver el primer tiempo y se retir\u00f3 a su domicilio.<\/p>\n\n\n\n<p>Allegados al astro descartaron que la internaci\u00f3n fuera por s\u00edntomas vinculados al Covid-19. En principio,&nbsp;<strong>la internaci\u00f3n fue decidida de com\u00fan acuerdo entre Maradona y su neurocirujano de cabecera, Leopoldo Luque&nbsp;<\/strong>, por una situaci\u00f3n emocional que afect\u00f3 al ahora entrenador durante la pandemia. Se le tom\u00f3 una reserva una cl\u00ednica y se le est\u00e1n haciendo varios estudios de evaluaci\u00f3n.<\/p>\n\n\n\n<p>Hace un par de d\u00edas, en declaraciones a la agencia T\u00e9lam, Luque hab\u00eda se\u00f1alado: \u00abDiego no solo fue \u00fanico en el f\u00fatbol, sino que f\u00edsicamente tambi\u00e9n ha demostrado tener un f\u00edsico privilegiado, en sus repetidas recuperaciones, con p\u00e9rdidas de peso y reapariciones donde se lo ve muy bien. No tiene grises\u00bb.<\/p>\n\n\n\n<figure class=\"wp-block-image is-resized\"><img fetchpriority=\"high\" decoding=\"async\" src=\"https:\/\/bucket3.glanacion.com\/anexos\/fotos\/47\/3464347w320.jpg\" alt=\"\" width=\"320\" height=\"213\"\/><figcaption>Fuente: FotoBAIRES<\/figcaption><\/figure>\n\n\n\n<p>\u00abMi participaci\u00f3n con el equipo de salud es apoyarlo y proponerle, pero su autonom\u00eda es muy marcada. \u00c9l toma las decisiones que cree convenientes para el momento que est\u00e1 viviendo. A veces no quiere aceptar lo que se le sugiere y siempre se le respeta su voluntad. Hoy Diego est\u00e1 gozando de buena salud, siempre con ese trastorno del sue\u00f1o que no es f\u00e1cil de manejar, pero todo el tiempo tratamos de que mejore su calidad de vida\u00bb, dijo el neurocirujano, que trata a Maradona desde hace cuatro a\u00f1os.<\/p>\n\n\n\n<p>Durante la cuarentena, Maradona se someti\u00f3 a un plan por el que baj\u00f3 11 kilos y volvi\u00f3 a trotar despu\u00e9s de la operaci\u00f3n de rodilla que se le realiz\u00f3 en 2019, en la que le pusieron una pr\u00f3tesis.<\/p>\n\n\n\n<p class=\"has-text-align-right\"><strong>La Naci\u00f3n.-<\/strong><\/p>\n","protected":false},"excerpt":{"rendered":"<p>Durante la cuarentena, Maradona se someti\u00f3 a un plan por el que baj\u00f3 11 kilos y volvi\u00f3 a trotar despu\u00e9s de la operaci\u00f3n de rodilla que se le realiz\u00f3 en 2019, en la que le pusieron una pr\u00f3tesis<\/p>\n","protected":false},"author":2,"featured_media":1234,"comment_status":"open","ping_status":"open","sticky":false,"template":"","format":"standard","meta":{"jnews-multi-image_gallery":[],"jnews_single_post":[],"jnews_primary_category":[],"jnews_social_meta":[],"jnews_review":[],"enable_review":"","type":"","name":"","summary":"","brand":"","sku":"","good":[],"bad":[],"score_override":"","override_value":"","rating":[],"price":[],"jnews_override_counter":[],"jnews_post_split":[],"footnotes":""},"categories":[48],"tags":[44,49,177,45],"class_list":["post-1233","post","type-post","status-publish","format-standard","has-post-thumbnail","hentry","category-deportes","tag-argentina","tag-deportes","tag-maradona","tag-noticias"],"amp_enabled":true,"_links":{"self":[{"href":"https:\/\/esreviral.com\/index.php?rest_route=\/wp\/v2\/posts\/1233"}],"collection":[{"href":"https:\/\/esreviral.com\/index.php?rest_route=\/wp\/v2\/posts"}],"about":[{"href":"https:\/\/esreviral.com\/index.php?rest_route=\/wp\/v2\/types\/post"}],"author":[{"embeddable":true,"href":"https:\/\/esreviral.com\/index.php?rest_route=\/wp\/v2\/users\/2"}],"replies":[{"embeddable":true,"href":"https:\/\/esreviral.com\/index.php?rest_route=%2Fwp%2Fv2%2Fcomments&post=1233"}],"version-history":[{"count":0,"href":"https:\/\/esreviral.com\/index.php?rest_route=\/wp\/v2\/posts\/1233\/revisions"}],"wp:featuredmedia":[{"embeddable":true,"href":"https:\/\/esreviral.com\/index.php?rest_route=\/"}],"wp:attachment":[{"href":"https:\/\/esreviral.com\/index.php?rest_route=%2Fwp%2Fv2%2Fmedia&parent=1233"}],"wp:term":[{"taxonomy":"category","embeddable":true,"href":"https:\/\/esreviral.com\/index.php?rest_route=%2Fwp%2Fv2%2Fcategories&post=1233"},{"taxonomy":"post_tag","embeddable":true,"href":"https:\/\/esreviral.com\/index.php?rest_route=%2Fwp%2Fv2%2Ftags&post=1233"}],"curies":[{"name":"wp","href":"https:\/\/api.w.org\/{rel}","templated":true}]}}