{"id":12321,"date":"2021-11-23T09:37:41","date_gmt":"2021-11-23T12:37:41","guid":{"rendered":"http:\/\/esreviral.com\/?p=12321"},"modified":"2021-11-23T09:37:41","modified_gmt":"2021-11-23T12:37:41","slug":"martes-de-trafico-congestionado-atentos-que-estos-son-los-cortes-programados","status":"publish","type":"post","link":"https:\/\/esreviral.com\/?p=12321","title":{"rendered":"Martes de tr\u00e1fico congestionado: Atentos que estos son los cortes programados"},"content":{"rendered":"\n<p>Este martes 23 de noviembre y luego de un fin de semana largo en Argentina, la capital, Buenos Aires, se ver\u00e1 congestionada en su tr\u00e1fico por una serie de cortes programados por protestas. <\/p>\n\n\n\n<p>A las 11:00 inician las manifestaciones en Plaza de Mayo; A las 14 llega otro grupo sindical a protestar, mientras que a esa misma hora, en la Legislatura Porte\u00f1a se apersonar\u00e1 otro grupo a reclamar sus derechos. <\/p>\n\n\n\n<p>La \u00faltima del d\u00eda ser\u00e1 a las 16: 30 en Moreno 1654, donde tambi\u00e9n estar\u00e1 cerrado el tr\u00e1fico. Recuerda que a trav\u00e9s del twitter, estaremos informando los cortes del momento. <\/p>\n\n\n\n<figure class=\"wp-block-image size-large\"><img decoding=\"async\" src=\"https:\/\/pbs.twimg.com\/media\/FE4GK6bXMA02etY?format=jpg&amp;name=medium\" alt=\"\"\/><\/figure>\n","protected":false},"excerpt":{"rendered":"<p>Atento al twitter @ESREVIRAL donde estaremos informando los cortes imprevistos<\/p>\n","protected":false},"author":2,"featured_media":12322,"comment_status":"open","ping_status":"open","sticky":false,"template":"","format":"standard","meta":{"jnews-multi-image_gallery":[],"jnews_single_post":[],"jnews_primary_category":[],"jnews_social_meta":[],"jnews_review":[],"enable_review":"","type":"","name":"","summary":"","brand":"","sku":"","good":[],"bad":[],"score_override":"","override_value":"","rating":[],"price":[],"jnews_override_counter":[],"jnews_post_split":[],"footnotes":""},"categories":[58],"tags":[44,45,797],"class_list":["post-12321","post","type-post","status-publish","format-standard","has-post-thumbnail","hentry","category-argentina","tag-argentina","tag-noticias","tag-trafico-de-personas"],"amp_enabled":true,"_links":{"self":[{"href":"https:\/\/esreviral.com\/index.php?rest_route=\/wp\/v2\/posts\/12321"}],"collection":[{"href":"https:\/\/esreviral.com\/index.php?rest_route=\/wp\/v2\/posts"}],"about":[{"href":"https:\/\/esreviral.com\/index.php?rest_route=\/wp\/v2\/types\/post"}],"author":[{"embeddable":true,"href":"https:\/\/esreviral.com\/index.php?rest_route=\/wp\/v2\/users\/2"}],"replies":[{"embeddable":true,"href":"https:\/\/esreviral.com\/index.php?rest_route=%2Fwp%2Fv2%2Fcomments&post=12321"}],"version-history":[{"count":0,"href":"https:\/\/esreviral.com\/index.php?rest_route=\/wp\/v2\/posts\/12321\/revisions"}],"wp:featuredmedia":[{"embeddable":true,"href":"https:\/\/esreviral.com\/index.php?rest_route=\/"}],"wp:attachment":[{"href":"https:\/\/esreviral.com\/index.php?rest_route=%2Fwp%2Fv2%2Fmedia&parent=12321"}],"wp:term":[{"taxonomy":"category","embeddable":true,"href":"https:\/\/esreviral.com\/index.php?rest_route=%2Fwp%2Fv2%2Fcategories&post=12321"},{"taxonomy":"post_tag","embeddable":true,"href":"https:\/\/esreviral.com\/index.php?rest_route=%2Fwp%2Fv2%2Ftags&post=12321"}],"curies":[{"name":"wp","href":"https:\/\/api.w.org\/{rel}","templated":true}]}}