{"id":12319,"date":"2021-11-22T09:18:26","date_gmt":"2021-11-22T12:18:26","guid":{"rendered":"http:\/\/esreviral.com\/?p=12319"},"modified":"2021-11-22T09:18:26","modified_gmt":"2021-11-22T12:18:26","slug":"maduro-admitio-que-no-habilitara-el-dialogo-con-la-oposicion-tras-las-elecciones","status":"publish","type":"post","link":"https:\/\/esreviral.com\/?p=12319","title":{"rendered":"Maduro admiti\u00f3 que no habilitar\u00e1 el di\u00e1logo con la oposici\u00f3n tras las elecciones"},"content":{"rendered":"\n<p>El dictador chavista repiti\u00f3 durante las \u00faltimas semanas que luego de las elecciones regionales, las primeras en 15 a\u00f1os que cuentan con la observaci\u00f3n de la Uni\u00f3n Europea, habr\u00eda instancias de di\u00e1logo con la oposici\u00f3n. Sin embargo,\u00a0<strong>esta tarde declar\u00f3 que \u201cno est\u00e1n dadas las condiciones\u201d para retomar las conversaciones en M\u00e9xico.<\/strong><\/p>\n\n\n\n<h2 class=\"wp-block-heading\"><img fetchpriority=\"high\" decoding=\"async\" height=\"3011\" width=\"4517\" srcset=\"https:\/\/www.infobae.com\/new-resizer\/bLMNmgs5C6SO_Y3fkW0Wvr_5fC4=\/420x280\/filters:format(jpg):quality(85)\/cloudfront-us-east-1.images.arcpublishing.com\/infobae\/KXU34OZKOMN5YCNB5IEJHZXQTY.jpg 420w,https:\/\/www.infobae.com\/new-resizer\/HRe5Iq0J7xScuIH9s1oFqibg3Qg=\/768x512\/filters:format(jpg):quality(85)\/cloudfront-us-east-1.images.arcpublishing.com\/infobae\/KXU34OZKOMN5YCNB5IEJHZXQTY.jpg 768w,https:\/\/www.infobae.com\/new-resizer\/Zuhro4VLlNCoCTqAigb80AonSQA=\/992x661\/filters:format(jpg):quality(85)\/cloudfront-us-east-1.images.arcpublishing.com\/infobae\/KXU34OZKOMN5YCNB5IEJHZXQTY.jpg 992w,https:\/\/www.infobae.com\/new-resizer\/Q3I8MqlEQ7mCQ2QcV0a1cDP7c3A=\/1200x800\/filters:format(jpg):quality(85)\/cloudfront-us-east-1.images.arcpublishing.com\/infobae\/KXU34OZKOMN5YCNB5IEJHZXQTY.jpg 1200w,https:\/\/www.infobae.com\/new-resizer\/bcycnEPcr6V_VhgNyFbe_08FSNo=\/1440x960\/filters:format(jpg):quality(85)\/cloudfront-us-east-1.images.arcpublishing.com\/infobae\/KXU34OZKOMN5YCNB5IEJHZXQTY.jpg 1440w\" alt=\"Maduro vot\u00f3 en la base militar de Fuerte Tiuna en Caracas (Reuters)\" src=\"https:\/\/www.infobae.com\/new-resizer\/bLMNmgs5C6SO_Y3fkW0Wvr_5fC4=\/420x280\/filters:format(jpg):quality(85)\/cloudfront-us-east-1.images.arcpublishing.com\/infobae\/KXU34OZKOMN5YCNB5IEJHZXQTY.jpg%20420w\"><\/h2>\n\n\n\n<p>Tras sufragar, los periodistas de las agencias internacionales que cubrieron el momento le preguntaron acerca de la posibilidad de retomar la mesa de di\u00e1logo con la oposici\u00f3n instalada en M\u00e9xico y paralizada tras la extradici\u00f3n de su testaferro, el empresario colombiano Alex Saab, a Estados Unidos. \u201c<strong>Vamos a esperar,<\/strong>\u00a0es muy grave lo que hizo el Gobierno de EE.UU.\u201d, afirm\u00f3 el mandatario en referencia a la detenci\u00f3n en Cabo Verde de Saab, acusado de ser su testaferro, para, posteriormente, ser extraditado.<\/p>\n\n\n\n<p>Tras varios ciclos de di\u00e1logo, Maduro decidi\u00f3 nombrar a Saab como un miembro m\u00e1s de su delegaci\u00f3n en M\u00e9xico mientras todav\u00eda estaba detenido en Cabo Verde, por lo que considera que \u201cno hay condiciones todav\u00eda\u201d para volver a la mesa de di\u00e1logo mientras el empresario siga bajo arresto.<\/p>\n\n\n\n<p><img decoding=\"async\" height=\"696\" width=\"1206\" srcset=\"https:\/\/www.infobae.com\/new-resizer\/ho_bPL3a2nCdLLNkIiZ6nsyUhkc=\/420x236\/filters:format(jpg):quality(85)\/cloudfront-us-east-1.images.arcpublishing.com\/infobae\/4MQBYCNBMJHIRE2LOHGYSBNETQ.JPG 420w,https:\/\/www.infobae.com\/new-resizer\/4qSaQ5jRWTFHWQ-sTBlYalLIdvA=\/768x432\/filters:format(jpg):quality(85)\/cloudfront-us-east-1.images.arcpublishing.com\/infobae\/4MQBYCNBMJHIRE2LOHGYSBNETQ.JPG 768w,https:\/\/www.infobae.com\/new-resizer\/y74p3S7nQ9POtuUbfyaNEay1jdE=\/992x558\/filters:format(jpg):quality(85)\/cloudfront-us-east-1.images.arcpublishing.com\/infobae\/4MQBYCNBMJHIRE2LOHGYSBNETQ.JPG 992w,https:\/\/www.infobae.com\/new-resizer\/1KCZ7q7wx7n6q-nR6MvsKGG14bU=\/1200x675\/filters:format(jpg):quality(85)\/cloudfront-us-east-1.images.arcpublishing.com\/infobae\/4MQBYCNBMJHIRE2LOHGYSBNETQ.JPG 1200w,https:\/\/www.infobae.com\/new-resizer\/VQW_SmqPeoxbqfRNqWEkqvRRQ_A=\/1440x810\/filters:format(jpg):quality(85)\/cloudfront-us-east-1.images.arcpublishing.com\/infobae\/4MQBYCNBMJHIRE2LOHGYSBNETQ.JPG 1440w\" alt=\"El testaferro de Maduro, Alex Saab, en prisi\u00f3n norteamericana(Tribunal Federal de Florida)\" src=\"https:\/\/www.infobae.com\/new-resizer\/ho_bPL3a2nCdLLNkIiZ6nsyUhkc=\/420x236\/filters:format(jpg):quality(85)\/cloudfront-us-east-1.images.arcpublishing.com\/infobae\/4MQBYCNBMJHIRE2LOHGYSBNETQ.JPG%20420w\"><strong>\u201cEn el momento en que creamos que haya condiciones, lo anunciaremos\u201d, subray\u00f3.<\/strong><\/p>\n\n\n\n<p>Las alecciones de hoy registraron graves episodios de violencia, en especial en Zulia donde<strong>\u00a0colectivos chavistas atacaron a balazos<\/strong>\u00a0al centro de votaci\u00f3n del Colegio Eduardo Emiro Ferrer del municipio San Francisco. En el hecho muri\u00f3 un hombre de 38 a\u00f1os, y otros dos resultaron heridos.<\/p>\n\n\n\n<p><img decoding=\"async\" height=\"1080\" width=\"1920\" srcset=\"https:\/\/www.infobae.com\/new-resizer\/_n0uErpSPLwsYRsQAD4ZHmCyk9M=\/420x236\/filters:format(jpg):quality(85)\/cloudfront-us-east-1.images.arcpublishing.com\/infobae\/KMIVS6NUVVECBM2QIQ52W27PDU.jpg 420w,https:\/\/www.infobae.com\/new-resizer\/SGW9K6RJBi_e7jG2uG20QDxC1hs=\/768x432\/filters:format(jpg):quality(85)\/cloudfront-us-east-1.images.arcpublishing.com\/infobae\/KMIVS6NUVVECBM2QIQ52W27PDU.jpg 768w,https:\/\/www.infobae.com\/new-resizer\/sSGfHV93kE6fkEGtgZQqjZUmBS8=\/992x558\/filters:format(jpg):quality(85)\/cloudfront-us-east-1.images.arcpublishing.com\/infobae\/KMIVS6NUVVECBM2QIQ52W27PDU.jpg 992w,https:\/\/www.infobae.com\/new-resizer\/UjIfjr7-ALWRGwJdyw6wbh0_VD0=\/1200x675\/filters:format(jpg):quality(85)\/cloudfront-us-east-1.images.arcpublishing.com\/infobae\/KMIVS6NUVVECBM2QIQ52W27PDU.jpg 1200w,https:\/\/www.infobae.com\/new-resizer\/JjcFWgu0d8m9-PBy82T2SbyCZ4I=\/1440x810\/filters:format(jpg):quality(85)\/cloudfront-us-east-1.images.arcpublishing.com\/infobae\/KMIVS6NUVVECBM2QIQ52W27PDU.jpg 1440w\" alt=\"Antonio Urdaneta, de 38 a\u00f1os, v\u00edctima de los colectivos chavistas en Zulia\" src=\"https:\/\/www.infobae.com\/new-resizer\/_n0uErpSPLwsYRsQAD4ZHmCyk9M=\/420x236\/filters:format(jpg):quality(85)\/cloudfront-us-east-1.images.arcpublishing.com\/infobae\/KMIVS6NUVVECBM2QIQ52W27PDU.jpg%20420w\"><strong>Antonio Urdaneta, de 38 a\u00f1os, recibi\u00f3 uno de los disparos y lleg\u00f3 al hospital Hospital Noriega Trigo ya sin vida. Los dos heridos -cuya gravedad se desconoce a\u00fan- son Johan Jos\u00e9, de 19 a\u00f1os, y Sonia Urdaneta, de 56.<\/strong><\/p>\n\n\n\n<p>El violento episodio se suma al ataque al centro de votaci\u00f3n Madre Laura ubicado en barrio El Callao, tambi\u00e9n en el municipio San Francisco, y al asalto<strong>\u00a0a un comando de campa\u00f1a de la alianza opositora, tambi\u00e9n en Zulia. All\u00ed, golpearon al dirigente pol\u00edtico Eduardo Labrador, miembro del Comando de la Unidad en San Francisco.<\/strong><\/p>\n\n\n\n<p><strong>Amenaza a los observadores<\/strong><\/p>\n\n\n\n<p>Nicol\u00e1s Maduro amenaz\u00f3 ayer la UE con una \u201crespuesta contundente\u201d si los observadores presentan un veredicto sobre las elecciones regionales. \u201c\u00bfPuede alg\u00fan veedor internacional, desde alg\u00fan pa\u00eds del mundo, dar un veredicto sobre la validez de un proceso genuinamente nacional y soberano de un pa\u00eds?\u201d, se pregunt\u00f3 ir\u00f3nicamente el chavista y se contest\u00f3: \u201cNo, as\u00ed que se bajan de esa nube, Comisi\u00f3n de la Uni\u00f3n Europea\u201d.PlayMaduro amenaz\u00f3 a los observadores de la UE<\/p>\n\n\n\n<p>La amenaza directa la hizo en un encuentro con supuestos veedores internacionales, entre los que obviamente no estaban los europeos, y en cadena nacional hora antes de los comicios regionales de ma\u00f1ana.<\/p>\n\n\n\n<p>\u201cSi pretenden violar la soberan\u00eda, exponer su compeljo de seguridad, tendr\u00e1n la respuesta contunndente que Venezuela sabe dar\u201d, agreg\u00f3 para completar la amenaza.<\/p>\n\n\n\n<p>Envalentonado en su diatriba, el dictador adem\u00e1s acus\u00f3 a la Uni\u00f3n Europea de tener \u201cviejos complejos de superioridad colonialistas\u201d y de pretender \u201chumillar\u201d a los pa\u00edses, \u201cimponer por el chantaje diplom\u00e1tico y econ\u00f3mico\u201d, e \u201cimponer modelos de monitoreo, de dominaci\u00f3n, de hegemonismo\u201d.<\/p>\n","protected":false},"excerpt":{"rendered":"<p>El chavista vot\u00f3 en los comicios regionales y declar\u00f3 que \u201cno hay condiciones todav\u00eda\u201d para volver a la mesa en M\u00e9xico.<\/p>\n","protected":false},"author":2,"featured_media":8681,"comment_status":"open","ping_status":"open","sticky":false,"template":"","format":"standard","meta":{"jnews-multi-image_gallery":[],"jnews_single_post":[],"jnews_primary_category":[],"jnews_social_meta":[],"jnews_review":[],"enable_review":"","type":"","name":"","summary":"","brand":"","sku":"","good":[],"bad":[],"score_override":"","override_value":"","rating":[],"price":[],"jnews_override_counter":[],"jnews_post_split":[],"footnotes":""},"categories":[59],"tags":[1068,56],"class_list":["post-12319","post","type-post","status-publish","format-standard","has-post-thumbnail","hentry","category-politica","tag-nicolas-maduro","tag-venezuela"],"amp_enabled":true,"_links":{"self":[{"href":"https:\/\/esreviral.com\/index.php?rest_route=\/wp\/v2\/posts\/12319"}],"collection":[{"href":"https:\/\/esreviral.com\/index.php?rest_route=\/wp\/v2\/posts"}],"about":[{"href":"https:\/\/esreviral.com\/index.php?rest_route=\/wp\/v2\/types\/post"}],"author":[{"embeddable":true,"href":"https:\/\/esreviral.com\/index.php?rest_route=\/wp\/v2\/users\/2"}],"replies":[{"embeddable":true,"href":"https:\/\/esreviral.com\/index.php?rest_route=%2Fwp%2Fv2%2Fcomments&post=12319"}],"version-history":[{"count":0,"href":"https:\/\/esreviral.com\/index.php?rest_route=\/wp\/v2\/posts\/12319\/revisions"}],"wp:featuredmedia":[{"embeddable":true,"href":"https:\/\/esreviral.com\/index.php?rest_route=\/"}],"wp:attachment":[{"href":"https:\/\/esreviral.com\/index.php?rest_route=%2Fwp%2Fv2%2Fmedia&parent=12319"}],"wp:term":[{"taxonomy":"category","embeddable":true,"href":"https:\/\/esreviral.com\/index.php?rest_route=%2Fwp%2Fv2%2Fcategories&post=12319"},{"taxonomy":"post_tag","embeddable":true,"href":"https:\/\/esreviral.com\/index.php?rest_route=%2Fwp%2Fv2%2Ftags&post=12319"}],"curies":[{"name":"wp","href":"https:\/\/api.w.org\/{rel}","templated":true}]}}