{"id":12301,"date":"2021-11-20T13:49:00","date_gmt":"2021-11-20T16:49:00","guid":{"rendered":"http:\/\/esreviral.com\/?p=12301"},"modified":"2021-11-20T13:49:00","modified_gmt":"2021-11-20T16:49:00","slug":"alianza-por-venezuela-abre-una-sede-en-buenos-aires-para-atender-a-la-comunidad-migrante","status":"publish","type":"post","link":"https:\/\/esreviral.com\/?p=12301","title":{"rendered":"Alianza por Venezuela abre una sede en Buenos Aires para atender a la comunidad migrante"},"content":{"rendered":"\n<p><strong><em>Carlos Iv\u00e1n Su\u00e1rez.-<\/em><\/strong> Iniciaron sus actividades en el a\u00f1o 2018 en una uni\u00f3n de personas y asociaciones que ten\u00eda un fin com\u00fan: ayuda a los venezolanos en Argentina con mayores necesidades. Este viernes abrieron la primera sede en f\u00edsico, donde mantendr\u00e1n esa atenci\u00f3n social para con los connacionales. <\/p>\n\n\n\n<p>\u00abTendremos una sala para capacitaciones, junta de reuniones, usada para talleres, la idea es que la comunidad venezolana haga uso de estos espacios\u00bb, inform\u00f3 Carlos Moreno, presidente de la Alianza por Venezuela. <\/p>\n\n\n\n<p>Explic\u00f3 que tienen previstas jornadas de salud, de capacitaci\u00f3n, empleo y mucho m\u00e1s, es por ello, que invit\u00f3 a la colectividad venezolana a asistir y contactarlos en su <a href=\"https:\/\/alianzaporvenezuela.org\/alianzas\/\">p\u00e1gina web<\/a> o redes sociales para ser beneficiados.<\/p>\n\n\n\n<figure class=\"wp-block-embed-youtube wp-block-embed is-type-video is-provider-youtube wp-embed-aspect-16-9 wp-has-aspect-ratio\"><div class=\"wp-block-embed__wrapper\">\n<div class=\"jeg_video_container jeg_video_content\"><iframe title=\"Alianza por Venezuela abri\u00f3 primera sede en f\u00edsico para los migrantes en Buenos Aires\" width=\"500\" height=\"281\" src=\"https:\/\/www.youtube.com\/embed\/bepL656PL-8?feature=oembed\" frameborder=\"0\" allow=\"accelerometer; autoplay; clipboard-write; encrypted-media; gyroscope; picture-in-picture; web-share\" referrerpolicy=\"strict-origin-when-cross-origin\" allowfullscreen><\/iframe><\/div>\n<\/div><\/figure>\n\n\n\n<p><strong><span style=\"background-color:#9a1b22\" class=\"td_text_highlight_marker\">M\u00e1s de 90 mil d\u00f3lares invertidos<\/span><\/strong><\/p>\n\n\n\n<p>Moreno tambi\u00e9n coment\u00f3 que gracias <a href=\"https:\/\/www.iaf.gov\/es\/grants\/argentina\/2020-av\/\">Inter American Foundation<\/a>, se pudo lograr el alquiler de este espacio, ya que financi\u00f3 con m\u00e1s de 90 mil d\u00f3lares un proyecto que propusieron el cual ser\u00e1 por tres a\u00f1os. <\/p>\n\n\n\n<p>\u00abCubre talleres, p\u00e1gina web, el alquiler de la oficina y todo lo que estamos trabajando son gracias a esos recursos, lo que hacemos es conseguir esas cuentas para que otras personas sean beneficiadas\u00bb. <\/p>\n\n\n\n<figure class=\"wp-block-image size-large\"><img decoding=\"async\" src=\"https:\/\/esreviral.com\/wp-content\/uploads\/2021\/11\/Captura-de-Pantalla-2021-11-20-a-las-13.33.17-1-1024x670.png\" alt=\"\" class=\"wp-image-12307\"\/><figcaption>Inter-American Foundation en su p\u00e1gina web confirm\u00f3 la aprobaci\u00f3n del proyecto<\/figcaption><\/figure>\n\n\n\n<p><strong><span style=\"background-color:#9a1b22\" class=\"td_text_highlight_marker\">As\u00ed fue la celebraci\u00f3n<\/span><\/strong><\/p>\n\n\n\n<p>A la inauguraci\u00f3n de la oficina nueva, asistieron diversas personalidades del mundo pol\u00edtico y social de la comunidad venezolana, como la representante diplom\u00e1tica de la Asamblea Nacional, Elisa Trotta, tambi\u00e9n estuvo la presidenta de la Asociaci\u00f3n de M\u00e9dicos venezolanos, Indira Acosta; el presidente de Uvenar, Giovanni Meza; la presidenta de Lazos de Libertad, Lormy Rojas; Lisset Luque, representante del partido Primero Justicia, entre otras. <\/p>\n\n\n\n<figure class=\"wp-block-image size-large\"><img decoding=\"async\" src=\"https:\/\/esreviral.com\/wp-content\/uploads\/2021\/11\/IMG_7829-1024x576.jpg\" alt=\"\" class=\"wp-image-12304\"\/><figcaption>La representante diplom\u00e1tica de la AN, Elisa Trotta, acompa\u00f1o al equipo de trabajo de AxV<\/figcaption><\/figure>\n\n\n\n<figure class=\"wp-block-image size-large\"><img decoding=\"async\" src=\"https:\/\/esreviral.com\/wp-content\/uploads\/2021\/11\/IMG_7836-1024x576.jpg\" alt=\"\" class=\"wp-image-12308\"\/><figcaption>Algunos miembros de la Alianza por Venezuela<\/figcaption><\/figure>\n","protected":false},"excerpt":{"rendered":"<p>Hubo una inversi\u00f3n de m\u00e1s de 90mil d\u00f3lares por parte de una fundaci\u00f3n norteamericana <\/p>\n","protected":false},"author":2,"featured_media":12306,"comment_status":"open","ping_status":"open","sticky":false,"template":"","format":"standard","meta":{"jnews-multi-image_gallery":[],"jnews_single_post":[],"jnews_primary_category":[],"jnews_social_meta":[],"jnews_review":[],"enable_review":"","type":"","name":"","summary":"","brand":"","sku":"","good":[],"bad":[],"score_override":"","override_value":"","rating":[],"price":[],"jnews_override_counter":[],"jnews_post_split":[],"footnotes":""},"categories":[54],"tags":[1298,45,67],"class_list":["post-12301","post","type-post","status-publish","format-standard","has-post-thumbnail","hentry","category-inmigracion","tag-alianza-por-venezuela","tag-noticias","tag-venezolanos-en-argentina"],"amp_enabled":true,"_links":{"self":[{"href":"https:\/\/esreviral.com\/index.php?rest_route=\/wp\/v2\/posts\/12301"}],"collection":[{"href":"https:\/\/esreviral.com\/index.php?rest_route=\/wp\/v2\/posts"}],"about":[{"href":"https:\/\/esreviral.com\/index.php?rest_route=\/wp\/v2\/types\/post"}],"author":[{"embeddable":true,"href":"https:\/\/esreviral.com\/index.php?rest_route=\/wp\/v2\/users\/2"}],"replies":[{"embeddable":true,"href":"https:\/\/esreviral.com\/index.php?rest_route=%2Fwp%2Fv2%2Fcomments&post=12301"}],"version-history":[{"count":0,"href":"https:\/\/esreviral.com\/index.php?rest_route=\/wp\/v2\/posts\/12301\/revisions"}],"wp:featuredmedia":[{"embeddable":true,"href":"https:\/\/esreviral.com\/index.php?rest_route=\/"}],"wp:attachment":[{"href":"https:\/\/esreviral.com\/index.php?rest_route=%2Fwp%2Fv2%2Fmedia&parent=12301"}],"wp:term":[{"taxonomy":"category","embeddable":true,"href":"https:\/\/esreviral.com\/index.php?rest_route=%2Fwp%2Fv2%2Fcategories&post=12301"},{"taxonomy":"post_tag","embeddable":true,"href":"https:\/\/esreviral.com\/index.php?rest_route=%2Fwp%2Fv2%2Ftags&post=12301"}],"curies":[{"name":"wp","href":"https:\/\/api.w.org\/{rel}","templated":true}]}}