{"id":12291,"date":"2021-11-19T15:26:16","date_gmt":"2021-11-19T18:26:16","guid":{"rendered":"http:\/\/esreviral.com\/?p=12291"},"modified":"2021-11-19T15:26:16","modified_gmt":"2021-11-19T18:26:16","slug":"venevision-se-unio-a-la-dictadura-cubana-y-censuro-el-tema-patria-y-vida","status":"publish","type":"post","link":"https:\/\/esreviral.com\/?p=12291","title":{"rendered":"Venevisi\u00f3n se uni\u00f3 a la dictadura cubana y censur\u00f3 el tema Patria y Vida"},"content":{"rendered":"\n<p>A pesar de que la familia Cisneros es de origen cubano, se adhirieron a la dictadura de ese pa\u00eds y a la venezolana, una vez m\u00e1s prohibieron que el p\u00fablico venezolano que disfrutaba de los Grammys Latinos a trav\u00e9s de Venevisi\u00f3n, viera el momento en que fue premiada la canci\u00f3n Patria y Vida y su posterior presentaci\u00f3n, anunciada por Gloria Estefan.<\/p>\n\n\n\n<p>\u201c<strong>Ah\u00ed los tenemos a los ganadores. Sin embargo, bueno&#8230; cada uno de los nominados en esta categor\u00eda ha sido maravilloso<\/strong>\u201d, dijo\u00a0<strong>Jos\u00e9 Andr\u00e9s Padr\u00f3n<\/strong>, uno de los dos conductores -junto a\u00a0<strong>Nieves Soteldo<\/strong>&#8211; de la emisi\u00f3n especial 2021 de\u00a0<em>Venevisi\u00f3n\u00a0<\/em>de la tradicional entrega de premios de la m\u00fasica latina. El corte, burdo y sorpresivo, impidi\u00f3 que los autores del \u00e9xito fueran vistos por el p\u00fablico venezolano que en ese momento estaba frente a la pantalla.<\/p>\n\n\n\n<p><strong>Soteldo\u00a0<\/strong>interrumpi\u00f3 a su compa\u00f1ero y comenz\u00f3 a enumerar al resto de los nominados que no se hab\u00edan alzado con el premio. Llamativamente, no nombr\u00f3 a los cubanos. A los pocos minutos, volvieron a cometer el mismo acto de censura con los cantantes cubanos. \u201c<strong>Volvemos a los Latin Grammy<\/strong>\u201d, dice la conductora venezolana del canal del r\u00e9gimen. \u201c<strong>Ah\u00ed vemos a Gloria Stefan&#8230;<\/strong>\u201d, se entusiasma y presenta\u00a0<strong>Padr\u00f3n<\/strong>.<\/p>\n\n\n\n<p>La canci\u00f3n\u00a0<strong>\u201cPatria y vida\u201d<\/strong>\u00a0fue creada por\u00a0<strong>Yotuel<\/strong>,\u00a0<em><strong>Gente De Zona<\/strong><\/em>,\u00a0<strong>Descemer Bueno<\/strong>,\u00a0<strong>Maykel Osorbo\u00a0<\/strong>y\u00a0<strong>El Funky Osorbo\u00a0<\/strong>est\u00e1 detenido por el r\u00e9gimen de D\u00edaz-Canel por haberse manifestado contra la dictadura y haber reclamado mayores libertades en la isla.<\/p>\n\n\n\n<figure class=\"wp-block-image size-large\"><img decoding=\"async\" src=\"https:\/\/www.infobae.com\/new-resizer\/wrP6uOV0d_lnUU1RKH4DIPCP04w=\/1440x1080\/filters:format(jpg):quality(85)\/cloudfront-us-east-1.images.arcpublishing.com\/infobae\/KGDUAL2S5JEHXI57CZMHMUQJ2I.jpg\" alt=\"\"\/><\/figure>\n\n\n\n<p>R\u00e1pidamente las redes sociales se llenaron de mensajes y memes en contra de los animadores y de Venevisi\u00f3n.<\/p>\n\n\n\n<figure class=\"wp-block-embed-twitter wp-block-embed is-type-rich is-provider-twitter\"><div class=\"wp-block-embed__wrapper\">\n<blockquote class=\"twitter-tweet\" data-width=\"500\" data-dnt=\"true\"><p lang=\"es\" dir=\"ltr\">\u00a1Dios m\u00edo! Que canal de mierda es Venevisi\u00f3n, ten\u00eda a\u00f1os sin verlo. <a href=\"https:\/\/t.co\/vyLd6Dwmkd\">pic.twitter.com\/vyLd6Dwmkd<\/a><\/p>&mdash; Jose Suarez (@suarezgohio) <a href=\"https:\/\/twitter.com\/suarezgohio\/status\/1458530280294207491?ref_src=twsrc%5Etfw\">November 10, 2021<\/a><\/blockquote><script async src=\"https:\/\/platform.twitter.com\/widgets.js\" charset=\"utf-8\"><\/script>\n<\/div><\/figure>\n\n\n\n<figure class=\"wp-block-embed-twitter wp-block-embed is-type-rich is-provider-twitter\"><div class=\"wp-block-embed__wrapper\">\n<blockquote class=\"twitter-tweet\" data-width=\"500\" data-dnt=\"true\"><p lang=\"es\" dir=\"ltr\">Me dicen que Venevisi\u00f3n cort\u00f3 el momento en el que <a href=\"https:\/\/twitter.com\/rauldemolina?ref_src=twsrc%5Etfw\">@rauldemolina<\/a> entrevistaba a los artistas que cantan <a href=\"https:\/\/twitter.com\/hashtag\/PatriaYVida?src=hash&amp;ref_src=twsrc%5Etfw\">#PatriaYVida<\/a> y se llev\u00f3 luego la transmisi\u00f3n justo cuando <a href=\"https:\/\/twitter.com\/GloriaEstefan?ref_src=twsrc%5Etfw\">@GloriaEstefan<\/a> iba a anunciar la presentaci\u00f3n del tema que no sali\u00f3. Lo mismo ahora que ganaron.<\/p>&mdash; Dereck Blanco (@dereckblanco) <a href=\"https:\/\/twitter.com\/dereckblanco\/status\/1461543566858235909?ref_src=twsrc%5Etfw\">November 19, 2021<\/a><\/blockquote><script async src=\"https:\/\/platform.twitter.com\/widgets.js\" charset=\"utf-8\"><\/script>\n<\/div><\/figure>\n\n\n\n<figure class=\"wp-block-embed-twitter wp-block-embed is-type-rich is-provider-twitter\"><div class=\"wp-block-embed__wrapper\">\n<blockquote class=\"twitter-tweet\" data-width=\"500\" data-dnt=\"true\"><p lang=\"es\" dir=\"ltr\"><a href=\"https:\/\/twitter.com\/hashtag\/UltimaHora?src=hash&amp;ref_src=twsrc%5Etfw\">#UltimaHora<\/a> Venevisi\u00f3n censura los <a href=\"https:\/\/twitter.com\/hashtag\/LatinGRAMMY?src=hash&amp;ref_src=twsrc%5Etfw\">#LatinGRAMMY<\/a> y estrena nuevo logo y eslogan <a href=\"https:\/\/t.co\/1v3RBObqeR\">pic.twitter.com\/1v3RBObqeR<\/a><\/p>&mdash; Oldrockervzla \ud83c\uddfb\ud83c\uddea (@oldrockervzla) <a href=\"https:\/\/twitter.com\/oldrockervzla\/status\/1461545356311904260?ref_src=twsrc%5Etfw\">November 19, 2021<\/a><\/blockquote><script async src=\"https:\/\/platform.twitter.com\/widgets.js\" charset=\"utf-8\"><\/script>\n<\/div><\/figure>\n","protected":false},"excerpt":{"rendered":"<p>Los propietarios del canal son de origen cubano<\/p>\n","protected":false},"author":2,"featured_media":12292,"comment_status":"open","ping_status":"open","sticky":false,"template":"","format":"standard","meta":{"jnews-multi-image_gallery":[],"jnews_single_post":[],"jnews_primary_category":[],"jnews_social_meta":[],"jnews_review":[],"enable_review":"","type":"","name":"","summary":"","brand":"","sku":"","good":[],"bad":[],"score_override":"","override_value":"","rating":[],"price":[],"jnews_override_counter":[],"jnews_post_split":[],"footnotes":""},"categories":[50],"tags":[1297,45,67],"class_list":["post-12291","post","type-post","status-publish","format-standard","has-post-thumbnail","hentry","category-entretenimiento","tag-censura","tag-noticias","tag-venezolanos-en-argentina"],"amp_enabled":true,"_links":{"self":[{"href":"https:\/\/esreviral.com\/index.php?rest_route=\/wp\/v2\/posts\/12291"}],"collection":[{"href":"https:\/\/esreviral.com\/index.php?rest_route=\/wp\/v2\/posts"}],"about":[{"href":"https:\/\/esreviral.com\/index.php?rest_route=\/wp\/v2\/types\/post"}],"author":[{"embeddable":true,"href":"https:\/\/esreviral.com\/index.php?rest_route=\/wp\/v2\/users\/2"}],"replies":[{"embeddable":true,"href":"https:\/\/esreviral.com\/index.php?rest_route=%2Fwp%2Fv2%2Fcomments&post=12291"}],"version-history":[{"count":0,"href":"https:\/\/esreviral.com\/index.php?rest_route=\/wp\/v2\/posts\/12291\/revisions"}],"wp:featuredmedia":[{"embeddable":true,"href":"https:\/\/esreviral.com\/index.php?rest_route=\/"}],"wp:attachment":[{"href":"https:\/\/esreviral.com\/index.php?rest_route=%2Fwp%2Fv2%2Fmedia&parent=12291"}],"wp:term":[{"taxonomy":"category","embeddable":true,"href":"https:\/\/esreviral.com\/index.php?rest_route=%2Fwp%2Fv2%2Fcategories&post=12291"},{"taxonomy":"post_tag","embeddable":true,"href":"https:\/\/esreviral.com\/index.php?rest_route=%2Fwp%2Fv2%2Ftags&post=12291"}],"curies":[{"name":"wp","href":"https:\/\/api.w.org\/{rel}","templated":true}]}}