{"id":12224,"date":"2021-11-17T12:03:23","date_gmt":"2021-11-17T15:03:23","guid":{"rendered":"http:\/\/esreviral.com\/?p=12224"},"modified":"2021-11-17T12:03:23","modified_gmt":"2021-11-17T15:03:23","slug":"cuatro-venezolanos-murieron-calcinados-durante-voraz-incendio-en-region-central-de-chile","status":"publish","type":"post","link":"https:\/\/esreviral.com\/?p=12224","title":{"rendered":"Cuatro venezolanos murieron calcinados durante voraz incendio en regi\u00f3n central de Chile"},"content":{"rendered":"\n<p>Un voraz incendio se registr\u00f3 en una vivienda de la ciudad de Talca, regi\u00f3n del Maule, ubicada en el centro de Chile, el cual cobr\u00f3 la vida de cuatro personas, entre las que est\u00e1n dos adultos y dos menores de edad.<\/p>\n\n\n\n<p>El Segundo Comandante del Cuerpo de Bomberos de Talca, confirm\u00f3 el lamentable fallecimiento de las cuatro personas en un incendio que afect\u00f3 a un hogar.<\/p>\n\n\n\n<p>El siniestro ocurri\u00f3 entre las calles 1 Oriente con 6 Sur, el cual afect\u00f3 a distintas viviendas e inmuebles.<\/p>\n\n\n\n<figure class=\"wp-block-image size-large\"><img decoding=\"async\" src=\"https:\/\/telocuentonews.com\/wp-content\/uploads\/2021\/11\/bomberos.jpg\" alt=\"\"\/><\/figure>\n\n\n\n<p>En el lugar, efectivos bomberiles de la ciudad trabajaron para controlar el incendio durante varias horas.<\/p>\n\n\n\n<figure class=\"wp-block-embed-twitter wp-block-embed is-type-rich is-provider-twitter\"><div class=\"wp-block-embed__wrapper\">\n<blockquote class=\"twitter-tweet\" data-width=\"500\" data-dnt=\"true\"><p lang=\"es\" dir=\"ltr\"><a href=\"https:\/\/twitter.com\/hashtag\/Talca?src=hash&amp;ref_src=twsrc%5Etfw\">#Talca<\/a> fiscal H\u00e9ctor de la Fuente encabeza diligencias en incendio donde 4 personas, dos adultos y dos menores todos de nacionalidad venezolana, pierden la vida. <a href=\"https:\/\/twitter.com\/FiscaliaMaule?ref_src=twsrc%5Etfw\">@FiscaliaMaule<\/a> <a href=\"https:\/\/t.co\/Ht2BDLY9q1\">pic.twitter.com\/Ht2BDLY9q1<\/a><\/p>&mdash; FISCAL\u00cdA DEL MAULE (@FiscaliaMaule) <a href=\"https:\/\/twitter.com\/FiscaliaMaule\/status\/1460832168402305024?ref_src=twsrc%5Etfw\">November 17, 2021<\/a><\/blockquote><script async src=\"https:\/\/platform.twitter.com\/widgets.js\" charset=\"utf-8\"><\/script>\n<\/div><\/figure>\n\n\n\n<p><br>El fiscal H\u00e9ctor de la Fuente encabez\u00f3 las diligencias sobre el siniestro donde las v\u00edctimas fatales eran de nacionalidad venezolana y los dos menores fallecidos tienen una edad inferior a los cinco a\u00f1os.<\/p>\n\n\n\n<p>\u201cLamentablemente, se confirman cuatro fallecidos en el lugar. Ser\u00edan dos adultos y dos pedi\u00e1tricos\u201d, inform\u00f3 Francisco Iturra, segundo comandante del Cuerpo de Bomberos, lo cual fue ratificado por la Fiscal\u00eda del Maule.<\/p>\n\n\n\n<figure class=\"wp-block-image\" id=\"attachment_78392\"><img decoding=\"async\" src=\"https:\/\/telocuentonews.com\/wp-content\/uploads\/2021\/11\/emergencia.jpg\" alt=\"Cuatro venezolanos mueren calcinados durante voraz incendio en regi\u00f3n central de Chile\" class=\"wp-image-78392\"\/><figcaption>Cr\u00e9ditos: @bomberotalca132<\/figcaption><\/figure>\n\n\n\n<p>\u201cEste incendio ha tenido como consecuencia el fallecimiento de cuatro personas y seis lesionados, los que se encuentran en el hospital regional de Talca\u201d, indic\u00f3 la autoridad.<\/p>\n\n\n\n<p>En tanto, detall\u00f3 que son todos de origen venezolano y los dos menores fallecidos tienen una edad inferior a los cinco a\u00f1os.<\/p>\n\n\n\n<p>Por otro lado, el fiscal solicit\u00f3 la labor de la polic\u00eda internacional para que \u201cse preocupe de verificar el tema migratorio que habitaban en este domicilio\u201d.<\/p>\n\n\n\n<p>Adem\u00e1s, se dispuso el trabajo del Laboratorio de Criminal\u00edstica de Carabineros y peritos de Bomberos de Talca.<\/p>\n\n\n\n<p class=\"has-text-align-right\"><strong><em><a href=\"https:\/\/telocuentonews.com\/cuatro-venezolanos-mueren-calcinados-durante-voraz-incendio-en-region-central-de-chile\/\">Te Lo Cuento News.-<\/a><\/em><\/strong><\/p>\n","protected":false},"excerpt":{"rendered":"<p>Las autoridades informaron que otros seis lesionados se encuentran en el hospital regional de Talca<\/p>\n","protected":false},"author":2,"featured_media":12226,"comment_status":"open","ping_status":"open","sticky":false,"template":"","format":"standard","meta":{"jnews-multi-image_gallery":[],"jnews_single_post":[],"jnews_primary_category":[],"jnews_social_meta":[],"jnews_review":[],"enable_review":"","type":"","name":"","summary":"","brand":"","sku":"","good":[],"bad":[],"score_override":"","override_value":"","rating":[],"price":[],"jnews_override_counter":[],"jnews_post_split":[],"footnotes":""},"categories":[88,64],"tags":[933,45,739],"class_list":["post-12224","post","type-post","status-publish","format-standard","has-post-thumbnail","hentry","category-internacionales","category-sucesos","tag-incendio","tag-noticias","tag-venezolanos-en-chile"],"amp_enabled":true,"_links":{"self":[{"href":"https:\/\/esreviral.com\/index.php?rest_route=\/wp\/v2\/posts\/12224"}],"collection":[{"href":"https:\/\/esreviral.com\/index.php?rest_route=\/wp\/v2\/posts"}],"about":[{"href":"https:\/\/esreviral.com\/index.php?rest_route=\/wp\/v2\/types\/post"}],"author":[{"embeddable":true,"href":"https:\/\/esreviral.com\/index.php?rest_route=\/wp\/v2\/users\/2"}],"replies":[{"embeddable":true,"href":"https:\/\/esreviral.com\/index.php?rest_route=%2Fwp%2Fv2%2Fcomments&post=12224"}],"version-history":[{"count":0,"href":"https:\/\/esreviral.com\/index.php?rest_route=\/wp\/v2\/posts\/12224\/revisions"}],"wp:featuredmedia":[{"embeddable":true,"href":"https:\/\/esreviral.com\/index.php?rest_route=\/"}],"wp:attachment":[{"href":"https:\/\/esreviral.com\/index.php?rest_route=%2Fwp%2Fv2%2Fmedia&parent=12224"}],"wp:term":[{"taxonomy":"category","embeddable":true,"href":"https:\/\/esreviral.com\/index.php?rest_route=%2Fwp%2Fv2%2Fcategories&post=12224"},{"taxonomy":"post_tag","embeddable":true,"href":"https:\/\/esreviral.com\/index.php?rest_route=%2Fwp%2Fv2%2Ftags&post=12224"}],"curies":[{"name":"wp","href":"https:\/\/api.w.org\/{rel}","templated":true}]}}