{"id":12214,"date":"2021-11-17T11:34:30","date_gmt":"2021-11-17T14:34:30","guid":{"rendered":"http:\/\/esreviral.com\/?p=12214"},"modified":"2021-11-17T11:34:30","modified_gmt":"2021-11-17T14:34:30","slug":"un-camion-quedo-sin-freno-y-cayo-en-el-acceso-a-la-general-paz-a-la-altura-de-liniers","status":"publish","type":"post","link":"https:\/\/esreviral.com\/?p=12214","title":{"rendered":"Un cami\u00f3n qued\u00f3 sin freno y cay\u00f3 en el acceso a la General Paz a la altura de Liniers"},"content":{"rendered":"\n<p>El acoplado de un cami\u00f3n cay\u00f3 esta ma\u00f1ana en la colectora de la avenida General Paz, a la altura del barrio porte\u00f1o de Liniers, como consecuencia de&nbsp;<strong>una falla en los frenos del veh\u00edculo<\/strong>, lo que obstaculizaba esta ma\u00f1ana el tr\u00e1nsito en la subida de la calle Ram\u00f3n Falc\u00f3n y Rivadavia.<\/p>\n\n\n\n<p>\u00abLlegu\u00e9 a la pendiente y se me bloque\u00f3 el cami\u00f3n, se me apag\u00f3. Qued\u00f3 sin freno y se me empez\u00f3 a venir para abajo. Hab\u00eda autos, hab\u00eda colectivos y lo \u00fanico que atin\u00e9 para no hacer una cat\u00e1strofe, fue a tirar el cami\u00f3n para que me frenara el guardrail\u00bb, relat\u00f3 el chofer al canal C5N, y aclar\u00f3 que no transportaba ninguna carga.<\/p>\n\n\n\n<figure class=\"wp-block-image size-large\"><img decoding=\"async\" src=\"https:\/\/pbs.twimg.com\/media\/FEZcjhBXsAoX0Yv?format=jpg&amp;name=large\" alt=\"\"\/><\/figure>\n\n\n\n<p>El incidente se registr\u00f3 poco antes de las 6.30 en la subida a la avenida General Paz, a la altura de Liniers, y el acoplado qued\u00f3 cruzado en el acceso, lo que gener\u00f3 que un colectivo de la l\u00ednea 168 chocara con el eje trasero del cami\u00f3n, de acuerdo con informaci\u00f3n del \u00e1rea de Emergencias de la Ciudad de Buenos Aires.<\/p>\n\n\n\n<p>El conductor<strong>&nbsp;se dirig\u00eda a la localidad bonaerense de San Mart\u00edn<\/strong>, procedente de la ciudad entrerriana de Col\u00f3n, y viajaba con su esposa y su beb\u00e9 cuando sucedi\u00f3 el episodio, pero ninguno sufri\u00f3 heridas.<\/p>\n\n\n\n<p><strong>\u00abGracias a Dios, est\u00e1bamos los tres adentro pero no pas\u00f3 a mayores\u00bb<\/strong>, destac\u00f3.<\/p>\n\n\n\n<p>Personal de Bomberos trabajaba en el lugar para remover el acoplado y liberar el tr\u00e1nsito.<\/p>\n\n\n\n<figure class=\"wp-block-image size-large\"><img decoding=\"async\" src=\"https:\/\/pbs.twimg.com\/media\/FEZckB_XIAMOFaN?format=jpg&amp;name=large\" alt=\"\"\/><\/figure>\n","protected":false},"excerpt":{"rendered":"<p>El acoplado de un cami\u00f3n cay\u00f3 esta ma\u00f1ana en la colectora de la avenida General Paz, a la altura del barrio porte\u00f1o de Liniers, como consecuencia de&nbsp;una falla en los frenos del veh\u00edculo, lo que obstaculizaba esta ma\u00f1ana el tr\u00e1nsito en la subida de la calle Ram\u00f3n Falc\u00f3n y Rivadavia. \u00abLlegu\u00e9 a la pendiente y [&hellip;]<\/p>\n","protected":false},"author":2,"featured_media":12217,"comment_status":"open","ping_status":"open","sticky":false,"template":"","format":"standard","meta":{"jnews-multi-image_gallery":[],"jnews_single_post":[],"jnews_primary_category":[],"jnews_social_meta":[],"jnews_review":[],"enable_review":"","type":"","name":"","summary":"","brand":"","sku":"","good":[],"bad":[],"score_override":"","override_value":"","rating":[],"price":[],"jnews_override_counter":[],"jnews_post_split":[],"footnotes":""},"categories":[58],"tags":[433,894,45],"class_list":["post-12214","post","type-post","status-publish","format-standard","has-post-thumbnail","hentry","category-argentina","tag-accidente","tag-ciudad-de-buenos-aires","tag-noticias"],"amp_enabled":true,"_links":{"self":[{"href":"https:\/\/esreviral.com\/index.php?rest_route=\/wp\/v2\/posts\/12214"}],"collection":[{"href":"https:\/\/esreviral.com\/index.php?rest_route=\/wp\/v2\/posts"}],"about":[{"href":"https:\/\/esreviral.com\/index.php?rest_route=\/wp\/v2\/types\/post"}],"author":[{"embeddable":true,"href":"https:\/\/esreviral.com\/index.php?rest_route=\/wp\/v2\/users\/2"}],"replies":[{"embeddable":true,"href":"https:\/\/esreviral.com\/index.php?rest_route=%2Fwp%2Fv2%2Fcomments&post=12214"}],"version-history":[{"count":0,"href":"https:\/\/esreviral.com\/index.php?rest_route=\/wp\/v2\/posts\/12214\/revisions"}],"wp:featuredmedia":[{"embeddable":true,"href":"https:\/\/esreviral.com\/index.php?rest_route=\/"}],"wp:attachment":[{"href":"https:\/\/esreviral.com\/index.php?rest_route=%2Fwp%2Fv2%2Fmedia&parent=12214"}],"wp:term":[{"taxonomy":"category","embeddable":true,"href":"https:\/\/esreviral.com\/index.php?rest_route=%2Fwp%2Fv2%2Fcategories&post=12214"},{"taxonomy":"post_tag","embeddable":true,"href":"https:\/\/esreviral.com\/index.php?rest_route=%2Fwp%2Fv2%2Ftags&post=12214"}],"curies":[{"name":"wp","href":"https:\/\/api.w.org\/{rel}","templated":true}]}}