{"id":1221,"date":"2020-11-02T19:56:07","date_gmt":"2020-11-02T19:56:07","guid":{"rendered":"http:\/\/esreviral.com\/?p=1221"},"modified":"2020-11-02T19:56:07","modified_gmt":"2020-11-02T19:56:07","slug":"la-chica-que-lamentablemente-fallecio-posiblemente-consiguio-mi-cedula-y-la-identificaron-como-si-fuese-yo","status":"publish","type":"post","link":"https:\/\/esreviral.com\/?p=1221","title":{"rendered":"\u00abLa chica que lamentablemente falleci\u00f3 posiblemente consigui\u00f3 mi c\u00e9dula y la identificaron como si fuese yo\u00bb"},"content":{"rendered":"\n<figure class=\"wp-block-embed-youtube wp-block-embed is-type-video is-provider-youtube wp-embed-aspect-16-9 wp-has-aspect-ratio\"><div class=\"wp-block-embed__wrapper\">\n<div class=\"jeg_video_container jeg_video_content\"><iframe title=\"&quot;La chica que falleci\u00f3 posiblemente consigui\u00f3 mi c\u00e9dula y la identificaron como si fuese yo&quot;\" width=\"500\" height=\"281\" src=\"https:\/\/www.youtube.com\/embed\/5HbNfIRMZn0?feature=oembed\" frameborder=\"0\" allow=\"accelerometer; autoplay; clipboard-write; encrypted-media; gyroscope; picture-in-picture; web-share\" referrerpolicy=\"strict-origin-when-cross-origin\" allowfullscreen><\/iframe><\/div>\n<\/div><\/figure>\n\n\n\n<p><strong><em>Carlos Iv\u00e1n Su\u00e1rez.- <\/em><\/strong>Luego de la confusi\u00f3n ocurrida el domingo por la noche, en la que una chica fue atropellada por una moto en la avenida Santa Fe y Godoy Cruz, que en principio se identific\u00f3 err\u00f3neamente como venezolana, Yulisbeth Merino Mart\u00ednez, aclar\u00f3 lo ocurrido. <\/p>\n\n\n\n<p>\u00abAyer yo sal\u00ed y perd\u00ed mi c\u00e9dula y busc\u00e1ndole l\u00f3gica a todo esto, que la chica que lamentablemente muri\u00f3 quiz\u00e1 consigui\u00f3 mi c\u00e9dula, es lo que asumo y la identificaron como si fuera yo\u00bb, explic\u00f3 la dama venezolana. <\/p>\n\n\n\n<p>\u00abEstoy bien, gracias por estar pendientes. A mi familia que est\u00e1 en distintos pa\u00edses, se preocuparon much\u00edsimo. Es dif\u00edcil leer y ver estas informaciones. Lamento mucho la muerte de esta chica que no s\u00e9 qui\u00e9n es pero quiero que sepan que no estaba muerta, estaba de parranda (risas), como dicen por ah\u00ed\u00bb. <\/p>\n\n\n\n<p>Merino Mart\u00ednez, confes\u00f3 que se puso muy nerviosa al conocer la informaci\u00f3n, r\u00e1pidamente se comunic\u00f3 con sus afectos m\u00e1s cercanos y les inform\u00f3 que se encontraba bien. <\/p>\n\n\n\n<p>Confes\u00f3 que ese d\u00eda domingo ella estaba sin \u00e1nimos de salir pero por insistencia de una amiga decidi\u00f3 hacerlo y minutos despu\u00e9s se percat\u00f3 que hab\u00eda extraviado su documento de identidad venezolano y su preocupaci\u00f3n es mayor porque hasta el momento no ha podido acceder al DNI. <\/p>\n\n\n\n<p>\u00abEstoy aqu\u00ed sola sin familiares, s\u00f3lo muchos amigos por eso hay que cuidarse, todos debemos hacerlo. A veces no nos imaginamos todo el peligro que corren los delivery en bicicleta o en moto\u00bb.<\/p>\n\n\n\n<p>Ella tiene poco m\u00e1s de un a\u00f1o y medio en Argentina, donde trabaja con una conocida \u00f3ptica a la cual le hace delivery con su bicicleta pero adem\u00e1s de eso apoya a los emprendimientos con su cuenta de Instagram @guapeando.red<\/p>\n\n\n\n<p><strong><span style=\"background-color:#9a1b22\" class=\"td_text_highlight_marker\">Sigue guapeando<\/span><\/strong><\/p>\n\n\n\n<p>Yulisbeth es una mujer aguerrida, fuerte que se vino a la Argentina en b\u00fasqueda de una mejor vida y gracias a su buena vibra cre\u00f3 su emprendimiento digital. <\/p>\n\n\n\n<p>\u00abSurgi\u00f3 este a\u00f1o gracias al apoyo de Augusto Marcano de Fotoportafolio, es apoyar a otros emprendedores venezolanos en Buenos Aires. Tenemos muchos proyectos que poco a poco los iremos desarrollando pero que por el tema de la cuarentena, algunos no los hemos hecho. La idea es impulsarlos, promocionarlos\u00bb. <\/p>\n\n\n\n<p>Merino es licenciada en Teatro, productora de espect\u00e1culos art\u00edsticos , lo que hac\u00eda en Venezuela pero al llegar aqu\u00ed, su vida dio un giro de 360 grados por lo que decidi\u00f3 apoyar a sus coterr\u00e1neos. <\/p>\n\n\n\n<p>\u00abPara todos esos emprendedores, les digo que se atrevan. Hay que perder el miedo\u00bb, expres\u00f3. <\/p>\n\n\n\n<p><strong><span style=\"background-color:#9a1b22\" class=\"td_text_highlight_marker\">Disculpas p\u00fablicas<\/span><\/strong><\/p>\n\n\n\n<p>Desde <strong>Es Re Viral<\/strong> hacemos p\u00fablicas nuestras disculpas a Yulisbeth Merino Mart\u00ednez, por la publicaci\u00f3n hecha en la que por confusi\u00f3n del momento, algunas personas que se encontraban en el sitio del suceso, nos informaron que la joven fallecida se trataba de una venezolana y con esta identificaci\u00f3n, incluso, nos enviaron la foto de su c\u00e9dula de identidad, la cual tambi\u00e9n estuvo en varios grupos de whatsaap. <\/p>\n\n\n\n<p>Extendemos y reiteramos las disculpas a todos los familiares, amigos y personas que se sintieron afectadas por esta informaci\u00f3n. <\/p>\n\n\n\n<p>Con el profesionalismo que nos caracteriza y aras de seguir generando contenido veraz y de calidad, abrimos nuestro medio a Yulisbeth para que emitiera su derecho a r\u00e9plica, oportunidad que nos permiti\u00f3 conocer a una venezolana m\u00e1s, con un enorme coraz\u00f3n y ganas incre\u00edbles de triunfar. Larga vida para ti, Yulisbeth. <\/p>\n\n\n\n<p>Adem\u00e1s, lamentamos el hecho en el que una joven perdi\u00f3 la vida. <\/p>\n","protected":false},"excerpt":{"rendered":"<p>En principio se hab\u00eda identificado a la v\u00edctima con el nombre de una venezolana emprendedora que afortunadamente est\u00e1 sana y salva<\/p>\n","protected":false},"author":2,"featured_media":1223,"comment_status":"open","ping_status":"open","sticky":false,"template":"","format":"standard","meta":{"jnews-multi-image_gallery":[],"jnews_single_post":[],"jnews_primary_category":[],"jnews_social_meta":[],"jnews_review":[],"enable_review":"","type":"","name":"","summary":"","brand":"","sku":"","good":[],"bad":[],"score_override":"","override_value":"","rating":[],"price":[],"jnews_override_counter":[],"jnews_post_split":[],"footnotes":""},"categories":[43,64],"tags":[45,65,67],"class_list":["post-1221","post","type-post","status-publish","format-standard","has-post-thumbnail","hentry","category-actualidad","category-sucesos","tag-noticias","tag-sucesos","tag-venezolanos-en-argentina"],"amp_enabled":true,"_links":{"self":[{"href":"https:\/\/esreviral.com\/index.php?rest_route=\/wp\/v2\/posts\/1221"}],"collection":[{"href":"https:\/\/esreviral.com\/index.php?rest_route=\/wp\/v2\/posts"}],"about":[{"href":"https:\/\/esreviral.com\/index.php?rest_route=\/wp\/v2\/types\/post"}],"author":[{"embeddable":true,"href":"https:\/\/esreviral.com\/index.php?rest_route=\/wp\/v2\/users\/2"}],"replies":[{"embeddable":true,"href":"https:\/\/esreviral.com\/index.php?rest_route=%2Fwp%2Fv2%2Fcomments&post=1221"}],"version-history":[{"count":0,"href":"https:\/\/esreviral.com\/index.php?rest_route=\/wp\/v2\/posts\/1221\/revisions"}],"wp:featuredmedia":[{"embeddable":true,"href":"https:\/\/esreviral.com\/index.php?rest_route=\/"}],"wp:attachment":[{"href":"https:\/\/esreviral.com\/index.php?rest_route=%2Fwp%2Fv2%2Fmedia&parent=1221"}],"wp:term":[{"taxonomy":"category","embeddable":true,"href":"https:\/\/esreviral.com\/index.php?rest_route=%2Fwp%2Fv2%2Fcategories&post=1221"},{"taxonomy":"post_tag","embeddable":true,"href":"https:\/\/esreviral.com\/index.php?rest_route=%2Fwp%2Fv2%2Ftags&post=1221"}],"curies":[{"name":"wp","href":"https:\/\/api.w.org\/{rel}","templated":true}]}}