{"id":1210,"date":"2020-11-02T17:43:19","date_gmt":"2020-11-02T17:43:19","guid":{"rendered":"http:\/\/esreviral.com\/?p=1210"},"modified":"2020-11-02T17:43:19","modified_gmt":"2020-11-02T17:43:19","slug":"9-de-los-estudiantes-argentinos-desertaron-en-medio-de-la-pandemia","status":"publish","type":"post","link":"https:\/\/esreviral.com\/?p=1210","title":{"rendered":"9 % de los estudiantes argentinos desertaron en medio de la pandemia"},"content":{"rendered":"\n<p><strong><em>CIS.-<\/em><\/strong> El ministro de educaci\u00f3n nacional, Nicol\u00e1s Trotta, inform\u00f3 que el 9 % de los estudiantes argentinos no continuaron con sus actividades acad\u00e9micas debido a la pandemia. \u00abSeg\u00fan la evaluaci\u00f3n nacional de continuidad pedag\u00f3gica poco m\u00e1s del 90 % continu\u00f3 con su preparaci\u00f3n pedag\u00f3gica, 9 % ha tenido poco vinculo con las escuelas\u00bb. <\/p>\n\n\n\n<p>Explic\u00f3 que le estar\u00e1n dando un debate en el consejo federal para planificar \u00aby ah\u00ed vamos a aprobar un calendario escolar que garantice los 180 dias de clases\u00bb.<\/p>\n\n\n\n<p>Afirm\u00f3 que el nuevo a\u00f1o escolar ser\u00e1 de \u00abrecuperaci\u00f3n que perdimos  y de los aprendizaje que quedaron pendientes, por eso es importante seguir con las clases a distancia, mientras mejora la realidad epidemiol\u00f3gica, por eso estamos entregando 8 mil laptops en La MatanzaE\u00bb, inform\u00f3 en TN.<\/p>\n\n\n\n<p>Reafirm\u00f3 que en diciembre cerrar\u00e1 el actual ciclo escolar excepto para quienes cursan el \u00faltimo a\u00f1o de secundario quienes estar\u00e1n hasta el 30 de abril pero \u00abse est\u00e1 articulando con las universidades para que entren de una vez\u00bb.<\/p>\n\n\n\n<p> <\/p>\n","protected":false},"excerpt":{"rendered":"<p>El ministerio de educaci\u00f3n de Argentina, insisti\u00f3 en que se deben mantener las clases virtuales<\/p>\n","protected":false},"author":2,"featured_media":1213,"comment_status":"open","ping_status":"open","sticky":false,"template":"","format":"standard","meta":{"jnews-multi-image_gallery":[],"jnews_single_post":[],"jnews_primary_category":[],"jnews_social_meta":[],"jnews_review":[],"enable_review":"","type":"","name":"","summary":"","brand":"","sku":"","good":[],"bad":[],"score_override":"","override_value":"","rating":[],"price":[],"jnews_override_counter":[],"jnews_post_split":[],"footnotes":""},"categories":[58],"tags":[131,45,187],"class_list":["post-1210","post","type-post","status-publish","format-standard","has-post-thumbnail","hentry","category-argentina","tag-educadores","tag-noticias","tag-vuelta-a-clases"],"amp_enabled":true,"_links":{"self":[{"href":"https:\/\/esreviral.com\/index.php?rest_route=\/wp\/v2\/posts\/1210"}],"collection":[{"href":"https:\/\/esreviral.com\/index.php?rest_route=\/wp\/v2\/posts"}],"about":[{"href":"https:\/\/esreviral.com\/index.php?rest_route=\/wp\/v2\/types\/post"}],"author":[{"embeddable":true,"href":"https:\/\/esreviral.com\/index.php?rest_route=\/wp\/v2\/users\/2"}],"replies":[{"embeddable":true,"href":"https:\/\/esreviral.com\/index.php?rest_route=%2Fwp%2Fv2%2Fcomments&post=1210"}],"version-history":[{"count":0,"href":"https:\/\/esreviral.com\/index.php?rest_route=\/wp\/v2\/posts\/1210\/revisions"}],"wp:featuredmedia":[{"embeddable":true,"href":"https:\/\/esreviral.com\/index.php?rest_route=\/"}],"wp:attachment":[{"href":"https:\/\/esreviral.com\/index.php?rest_route=%2Fwp%2Fv2%2Fmedia&parent=1210"}],"wp:term":[{"taxonomy":"category","embeddable":true,"href":"https:\/\/esreviral.com\/index.php?rest_route=%2Fwp%2Fv2%2Fcategories&post=1210"},{"taxonomy":"post_tag","embeddable":true,"href":"https:\/\/esreviral.com\/index.php?rest_route=%2Fwp%2Fv2%2Ftags&post=1210"}],"curies":[{"name":"wp","href":"https:\/\/api.w.org\/{rel}","templated":true}]}}