{"id":12053,"date":"2021-11-11T12:13:25","date_gmt":"2021-11-11T15:13:25","guid":{"rendered":"http:\/\/esreviral.com\/?p=12053"},"modified":"2021-11-11T12:13:25","modified_gmt":"2021-11-11T15:13:25","slug":"maduro-hablo-de-los-vuelos-de-repatriacion-y-denuncio-a-oim-y-acnur","status":"publish","type":"post","link":"https:\/\/esreviral.com\/?p=12053","title":{"rendered":"Maduro habl\u00f3 de los vuelos de repatriaci\u00f3n y denunci\u00f3 a OIM y ACNUR"},"content":{"rendered":"\n<p><strong><em>CIS.- <\/em><\/strong>Nicol\u00e1s maduro habl\u00f3 de los vuelos de repatriaci\u00f3n, dijo que hasta ahora han devuelto a Venezuela a 350 mil personas desde distintos pa\u00edses de Latinoam\u00e9rica a trav\u00e9s del plan Vuelve a la Patria. <\/p>\n\n\n\n<p>Pero el cuestionado mandatario tambi\u00e9n denunci\u00f3 a ACNUR y a OIM por haberse negado a darle ayuda para el retorno de los connacionales. <\/p>\n\n\n\n<p>\u00abHe pedido ayuda a la Acnur y he pedido ayuda a la OIM y se han negado a ayudar a Venezuela, le han dado millones de d\u00f3lares a (el presidente de Colombia) Iv\u00e1n Duque supuestamente para que ayuda a los migrantes venezolanos y no ha habido ni un d\u00f3lar de ayuda (\u2026) Ha robado el dinero\u00bb, critic\u00f3 durante un discurso en la cadena Venezolana de Televisi\u00f3n.<\/p>\n\n\n\n<p>Adem\u00e1s record\u00f3 la xenofobia que viven los venezolanos en algunos pa\u00edses del continente. Denunci\u00f3 que sus connacionales residentes en los pa\u00edses vecinos sufren soledad y aguantan insultos en ciudades como \u00abMedell\u00edn, Bogot\u00e1 y Cali (en Colombia), Quito (en Ecuador), Lima (en Per\u00fa) o Santiago (en Chile)\u00bb.<\/p>\n\n\n\n<p>En Buenos Aires, nuevamente protestaron este mi\u00e9rcoles en la embajada venezolana. Seg\u00fan se conoci\u00f3, las autoridades est\u00e1n haciendo las diligencias necesarias para agilizar unos dos vuelos y puedan viajar, quienes deseen irse. <\/p>\n\n\n\n<p><\/p>\n","protected":false},"excerpt":{"rendered":"<p>Hasta ahora son m\u00e1s de 600 venezolanos varados en Argentina, que volvieron a protestar en la embajada <\/p>\n","protected":false},"author":2,"featured_media":12056,"comment_status":"open","ping_status":"open","sticky":false,"template":"","format":"standard","meta":{"jnews-multi-image_gallery":[],"jnews_single_post":[],"jnews_primary_category":[],"jnews_social_meta":[],"jnews_review":[],"enable_review":"","type":"","name":"","summary":"","brand":"","sku":"","good":[],"bad":[],"score_override":"","override_value":"","rating":[],"price":[],"jnews_override_counter":[],"jnews_post_split":[],"footnotes":""},"categories":[54,66],"tags":[82,45,107,67,46],"class_list":["post-12053","post","type-post","status-publish","format-standard","has-post-thumbnail","hentry","category-inmigracion","category-venezuela","tag-maduro","tag-noticias","tag-repatriacion","tag-venezolanos-en-argentina","tag-vuelos"],"amp_enabled":true,"_links":{"self":[{"href":"https:\/\/esreviral.com\/index.php?rest_route=\/wp\/v2\/posts\/12053"}],"collection":[{"href":"https:\/\/esreviral.com\/index.php?rest_route=\/wp\/v2\/posts"}],"about":[{"href":"https:\/\/esreviral.com\/index.php?rest_route=\/wp\/v2\/types\/post"}],"author":[{"embeddable":true,"href":"https:\/\/esreviral.com\/index.php?rest_route=\/wp\/v2\/users\/2"}],"replies":[{"embeddable":true,"href":"https:\/\/esreviral.com\/index.php?rest_route=%2Fwp%2Fv2%2Fcomments&post=12053"}],"version-history":[{"count":0,"href":"https:\/\/esreviral.com\/index.php?rest_route=\/wp\/v2\/posts\/12053\/revisions"}],"wp:featuredmedia":[{"embeddable":true,"href":"https:\/\/esreviral.com\/index.php?rest_route=\/"}],"wp:attachment":[{"href":"https:\/\/esreviral.com\/index.php?rest_route=%2Fwp%2Fv2%2Fmedia&parent=12053"}],"wp:term":[{"taxonomy":"category","embeddable":true,"href":"https:\/\/esreviral.com\/index.php?rest_route=%2Fwp%2Fv2%2Fcategories&post=12053"},{"taxonomy":"post_tag","embeddable":true,"href":"https:\/\/esreviral.com\/index.php?rest_route=%2Fwp%2Fv2%2Ftags&post=12053"}],"curies":[{"name":"wp","href":"https:\/\/api.w.org\/{rel}","templated":true}]}}