{"id":12016,"date":"2021-11-09T18:14:06","date_gmt":"2021-11-09T21:14:06","guid":{"rendered":"http:\/\/esreviral.com\/?p=12016"},"modified":"2021-11-09T18:14:06","modified_gmt":"2021-11-09T21:14:06","slug":"mataron-a-punaladas-a-una-venezolana-en-un-hotel-de-colombia","status":"publish","type":"post","link":"https:\/\/esreviral.com\/?p=12016","title":{"rendered":"Mataron a pu\u00f1aladas a una venezolana en un hotel de Colombia"},"content":{"rendered":"\n<p>Wendy Johana Carrasquero, de nacionalidad venezolana, fue asesinada el pasado s\u00e1bado por su pareja en medio de un ataque de celos, en el interior de un hotel ubicado en el municipio de Ci\u00e9naga, cercano a la ciudad de Santa Marta,<a rel=\"noreferrer noopener\" href=\"https:\/\/www.elnacional.com\/venezuela\/sucesos\/van-38-homicidios-de-venezolanos-en-cucuta-y-se-encienden-las-alertas\/\" target=\"_blank\">\u00a0Colombia.\u00a0<\/a><\/p>\n\n\n\n<p>La Seccional de Investigaci\u00f3n Criminal del Distrito 3 de la Polic\u00eda Metropolitana de Santa Marta se\u00f1al\u00f3 que se les inform\u00f3 a las 10:25 am sobre la discusi\u00f3n de una pareja en la habitaci\u00f3n n\u00famero 3 del hotel de raz\u00f3n social MD, rese\u00f1\u00f3 el diario<em><a href=\"https:\/\/lanacionweb.com\/internacional\/femicidio-en-hotel-de-colombia-por-ataque-de-celos-mato-a-su-esposa-venezolana\/\" target=\"_blank\" rel=\"noreferrer noopener\">&nbsp;La Naci\u00f3n.&nbsp;<\/a><\/em><\/p>\n\n\n\n<p>Al llegar al lugar encontraron a un hombre y a una mujer gravemente heridos por un objeto cortopunzante, por lo que los trasladaron de inmediato a un centro asistencial.<\/p>\n\n\n\n<p>La investigaci\u00f3n de la Polic\u00eda determin\u00f3 que el hombre identificado como \u00c1lvaro Guerrero Vega, de 55 a\u00f1os de edad, atac\u00f3 con un arma blanca a Carrasquero durante una discusi\u00f3n y le caus\u00f3 heridas en diversas partes del cuerpo.<\/p>\n\n\n\n<p>Luego de que el personal administrativo del hotel le dio aviso a las autoridades sobre el hecho, Guerrero Vega se autolesion\u00f3 con el arma blanca a la altura del t\u00f3rax.<\/p>\n\n\n\n<p class=\"has-text-align-right\"><strong><em>El Nacional.-<\/em><\/strong><\/p>\n","protected":false},"excerpt":{"rendered":"<p>El hombre identificado como \u00c1lvaro Guerrero Vega, de 55 a\u00f1os de edad, se autolesion\u00f3 con un arma blanca a la altura del t\u00f3rax<\/p>\n","protected":false},"author":2,"featured_media":12017,"comment_status":"open","ping_status":"open","sticky":false,"template":"","format":"standard","meta":{"jnews-multi-image_gallery":[],"jnews_single_post":[],"jnews_primary_category":[],"jnews_social_meta":[],"jnews_review":[],"enable_review":"","type":"","name":"","summary":"","brand":"","sku":"","good":[],"bad":[],"score_override":"","override_value":"","rating":[],"price":[],"jnews_override_counter":[],"jnews_post_split":[],"footnotes":""},"categories":[88,64],"tags":[555,65,743],"class_list":["post-12016","post","type-post","status-publish","format-standard","has-post-thumbnail","hentry","category-internacionales","category-sucesos","tag-femicidio","tag-sucesos","tag-venezolanos-en-colombia"],"amp_enabled":true,"_links":{"self":[{"href":"https:\/\/esreviral.com\/index.php?rest_route=\/wp\/v2\/posts\/12016"}],"collection":[{"href":"https:\/\/esreviral.com\/index.php?rest_route=\/wp\/v2\/posts"}],"about":[{"href":"https:\/\/esreviral.com\/index.php?rest_route=\/wp\/v2\/types\/post"}],"author":[{"embeddable":true,"href":"https:\/\/esreviral.com\/index.php?rest_route=\/wp\/v2\/users\/2"}],"replies":[{"embeddable":true,"href":"https:\/\/esreviral.com\/index.php?rest_route=%2Fwp%2Fv2%2Fcomments&post=12016"}],"version-history":[{"count":0,"href":"https:\/\/esreviral.com\/index.php?rest_route=\/wp\/v2\/posts\/12016\/revisions"}],"wp:featuredmedia":[{"embeddable":true,"href":"https:\/\/esreviral.com\/index.php?rest_route=\/"}],"wp:attachment":[{"href":"https:\/\/esreviral.com\/index.php?rest_route=%2Fwp%2Fv2%2Fmedia&parent=12016"}],"wp:term":[{"taxonomy":"category","embeddable":true,"href":"https:\/\/esreviral.com\/index.php?rest_route=%2Fwp%2Fv2%2Fcategories&post=12016"},{"taxonomy":"post_tag","embeddable":true,"href":"https:\/\/esreviral.com\/index.php?rest_route=%2Fwp%2Fv2%2Ftags&post=12016"}],"curies":[{"name":"wp","href":"https:\/\/api.w.org\/{rel}","templated":true}]}}