{"id":12010,"date":"2021-11-09T10:03:46","date_gmt":"2021-11-09T13:03:46","guid":{"rendered":"http:\/\/esreviral.com\/?p=12010"},"modified":"2021-11-09T10:03:46","modified_gmt":"2021-11-09T13:03:46","slug":"a-dias-de-las-elecciones-legislativas-el-pueblo-se-enfrenta-al-gobierno-por-la-inseguridad","status":"publish","type":"post","link":"https:\/\/esreviral.com\/?p=12010","title":{"rendered":"A d\u00edas de las elecciones legislativas, el pueblo se enfrenta al Gobierno por la inseguridad"},"content":{"rendered":"\n<p>Ni en el escenario m\u00e1s pesimista el Gobierno se imaginaba llegar al \u00faltimo tramo de la campa\u00f1a&nbsp;reprimiendo una protesta popular en contra de la inseguridad&nbsp;en su principal basti\u00f3n electoral,&nbsp;<strong>La Matanza<\/strong>.<\/p>\n\n\n\n<p>Fueron dos jornadas consecutivas de intensas manifestaciones. La primera con la herida social reci\u00e9n abierta, a pocas horas del crimen del kiosquero de&nbsp;<strong>Ramos Mej\u00eda<\/strong>. La otra sucedi\u00f3 anoche, cuando una multitud de vecinos march\u00f3 hacia la comisar\u00eda 2\u00b0 que est\u00e1 a tres cuadras de donde&nbsp;<strong>Roberto Sabo&nbsp;<\/strong>fue asesinado de un disparo en la cabeza el \u00faltimo domingo. Un triple vallado policial impidi\u00f3 que la gente se acercara. Hubo&nbsp;<strong>forcejeos, gases lacrim\u00f3genos, botellazos, piedrazos<\/strong>&nbsp;y el grito de<strong>&nbsp;\u201cque se vayan todos\u201d&nbsp;<\/strong>contra pol\u00edticos, jueces y legisladores, y un pedido constante por seguridad, justicia y perpetua para&nbsp;<strong>Leandro Daniel Su\u00e1rez<\/strong>,&nbsp;el hombre sindicado como el autor del homicidio.<\/p>\n\n\n\n<p><img fetchpriority=\"high\" decoding=\"async\" height=\"1080\" width=\"1920\" srcset=\"https:\/\/www.infobae.com\/new-resizer\/D1ByKgq8J44sFU64nanlQAYSiLE=\/420x236\/filters:format(jpg):quality(85)\/cloudfront-us-east-1.images.arcpublishing.com\/infobae\/FK5X2JFTRRE2PN3GRIBDY3AFWY.jpg 420w,https:\/\/www.infobae.com\/new-resizer\/noadNxtBjG6Y7P7wkPXNk0qYRQ0=\/768x432\/filters:format(jpg):quality(85)\/cloudfront-us-east-1.images.arcpublishing.com\/infobae\/FK5X2JFTRRE2PN3GRIBDY3AFWY.jpg 768w,https:\/\/www.infobae.com\/new-resizer\/RT-6AQQrXClUiQHDWQrfK4jfd3g=\/992x558\/filters:format(jpg):quality(85)\/cloudfront-us-east-1.images.arcpublishing.com\/infobae\/FK5X2JFTRRE2PN3GRIBDY3AFWY.jpg 992w,https:\/\/www.infobae.com\/new-resizer\/R3Bg4wPoC0dy9OSoW0rH1-3A0JM=\/1200x675\/filters:format(jpg):quality(85)\/cloudfront-us-east-1.images.arcpublishing.com\/infobae\/FK5X2JFTRRE2PN3GRIBDY3AFWY.jpg 1200w,https:\/\/www.infobae.com\/new-resizer\/18m3baiQ0soaLAIk-S9tkS6IaqM=\/1440x810\/filters:format(jpg):quality(85)\/cloudfront-us-east-1.images.arcpublishing.com\/infobae\/FK5X2JFTRRE2PN3GRIBDY3AFWY.jpg 1440w\" alt=\"Vecinos se movilizaron en Ramos Mej\u00eda exigiendo seguridad y justicia tras el asesinato del kiosquero (Franco Fafasuli)\" src=\"https:\/\/www.infobae.com\/new-resizer\/D1ByKgq8J44sFU64nanlQAYSiLE=\/420x236\/filters:format(jpg):quality(85)\/cloudfront-us-east-1.images.arcpublishing.com\/infobae\/FK5X2JFTRRE2PN3GRIBDY3AFWY.jpg%20420w\">La&nbsp;<strong>inseguridad<\/strong>&nbsp;es una de las principales preocupaciones de la gente desde hace al menos una d\u00e9cada. Trascendi\u00f3 a los a\u00f1os de Cristina Kirchner, de Mauricio Macri y persiste en la gesti\u00f3n de Alberto Fern\u00e1ndez. Incluso se mantuvo como un tema latente en los meses m\u00e1s cr\u00edticos de la pandemia de COVID-19.<\/p>\n\n\n\n<p><mark>El Gobierno est\u00e1 sorprendido, de ninguna manera esperaba que el asesinato del kiosquero derivara en tama\u00f1a manifestaci\u00f3n popular donde por primera vez, en dos a\u00f1os de mandato, respondi\u00f3 con represi\u00f3n.<\/mark>&nbsp;Algo alejado a la estrategia proselitista del Frente de Todos tras la derrota en las PASO, que apunta a medidas concretas y a corto plazo para generar un contexto an\u00edmico positivo, la campa\u00f1a del s\u00ed.<\/p>\n\n\n\n<p><mark><strong>La marcha contra la inseguridad, y su posterior represi\u00f3n, atenta contra los manuales del oficialismo<\/strong><\/mark>. Sobre todo al haber sucedido en el distrito donde el peronismo ha sabido definir elecciones. Desde el punto de vista econ\u00f3mico, Ramos Mej\u00eda era una t\u00edpica localidad de clase media que ahora es de clase media-baja producto de las reiteradas crisis. Desde el punto de vista pol\u00edtico, pese a pertenecer a La Matanza all\u00ed se concentra un voto cr\u00edtico contra el peronismo.<\/p>\n\n\n\n<p>La Matanza es uno de los distritos oficialistas del conurbano donde el Kirchnerismo focaliz\u00f3 este segundo tramo de la campa\u00f1a para recuperar el voto propio que en las PASO eligi\u00f3 otra opci\u00f3n o directamente ni se acerc\u00f3 a las urnas. Semanas atr\u00e1s el propio&nbsp;<strong>Alberto Fern\u00e1ndez&nbsp;<\/strong>visit\u00f3 la intendencia de&nbsp;<strong>Fernando Espinoza.<\/strong><\/p>\n\n\n\n<p><img decoding=\"async\" height=\"3027\" width=\"4096\" srcset=\"https:\/\/www.infobae.com\/new-resizer\/eXQ2EoXp8dhcgFCcuN7LxoTn_M4=\/420x315\/filters:format(jpg):quality(85)\/cloudfront-us-east-1.images.arcpublishing.com\/infobae\/AWJ6OGI5GVGG7ORQ36WRQMVO64.jfif 420w,https:\/\/www.infobae.com\/new-resizer\/8KCoMuVxeJ1HdX-QhRS5L8KohjU=\/768x576\/filters:format(jpg):quality(85)\/cloudfront-us-east-1.images.arcpublishing.com\/infobae\/AWJ6OGI5GVGG7ORQ36WRQMVO64.jfif 768w,https:\/\/www.infobae.com\/new-resizer\/0jMC-ChH2zzr17lklymV82Wlsp8=\/992x744\/filters:format(jpg):quality(85)\/cloudfront-us-east-1.images.arcpublishing.com\/infobae\/AWJ6OGI5GVGG7ORQ36WRQMVO64.jfif 992w,https:\/\/www.infobae.com\/new-resizer\/ifv0MxO4ccPdXegvfB_9WGqvpjQ=\/1200x900\/filters:format(jpg):quality(85)\/cloudfront-us-east-1.images.arcpublishing.com\/infobae\/AWJ6OGI5GVGG7ORQ36WRQMVO64.jfif 1200w,https:\/\/www.infobae.com\/new-resizer\/fxwQQedluhOiJFW_j02fObiZslw=\/1440x1080\/filters:format(jpg):quality(85)\/cloudfront-us-east-1.images.arcpublishing.com\/infobae\/AWJ6OGI5GVGG7ORQ36WRQMVO64.jfif 1440w\" alt=\"Semanas atr\u00e1s, Alberto Fern\u00e1ndez estuvo en La Matanza con Fernando Espinoza. Es uno de los municipios donde el oficialismo focaliz\u00f3 el segundo tramo de la campa\u00f1a \" src=\"https:\/\/www.infobae.com\/new-resizer\/eXQ2EoXp8dhcgFCcuN7LxoTn_M4=\/420x315\/filters:format(jpg):quality(85)\/cloudfront-us-east-1.images.arcpublishing.com\/infobae\/AWJ6OGI5GVGG7ORQ36WRQMVO64.jfif%20420w\">Frente a semejante movimiento de r\u00e9plica popular, en&nbsp;<strong>Casa Rosada<\/strong>&nbsp;medir\u00e1n con extrema cautela cualquier definici\u00f3n antes de hacerla p\u00fablica. A priori,&nbsp;<strong>guardar\u00e1n silencio sobre el caso del kiosquero asesinado<\/strong>, en parte porque&nbsp;<mark>desconocen como tratar un tema tan sensible a tan poco de las elecciones y tambi\u00e9n porque el hecho ocurri\u00f3 en un municipio donde los votos para el oficialismo est\u00e1n asegurados.&nbsp;<\/mark>Adem\u00e1s tampoco pueden culpar la oposici\u00f3n ya que desde la vuelta de la democracia all\u00ed siempre gobern\u00f3 el Partido Justicialista.<\/p>\n\n\n\n<p><strong>En el Frente de Todos sospechan de alg\u00fan tipo de movimiento opositor detr\u00e1s de la ebullici\u00f3n social que se vivi\u00f3 ayer en Ramos Mej\u00eda.<\/strong>&nbsp;Pero como no lo pueden probar, no lo pueden decir.<\/p>\n\n\n\n<p><img decoding=\"async\" height=\"1080\" width=\"1920\" srcset=\"https:\/\/www.infobae.com\/new-resizer\/lLISu8SvyA4nLHtqN1_GiJtYhD4=\/420x236\/filters:format(jpg):quality(85)\/cloudfront-us-east-1.images.arcpublishing.com\/infobae\/XBHDLVU4SRD4XKLR3GGD5KYRBE.jpg 420w,https:\/\/www.infobae.com\/new-resizer\/9yYCNy1WUjkfEdyEMb6z2lz5Jfs=\/768x432\/filters:format(jpg):quality(85)\/cloudfront-us-east-1.images.arcpublishing.com\/infobae\/XBHDLVU4SRD4XKLR3GGD5KYRBE.jpg 768w,https:\/\/www.infobae.com\/new-resizer\/CLJsA0ikx4Y0XMNI4Ryf6pckl3c=\/992x558\/filters:format(jpg):quality(85)\/cloudfront-us-east-1.images.arcpublishing.com\/infobae\/XBHDLVU4SRD4XKLR3GGD5KYRBE.jpg 992w,https:\/\/www.infobae.com\/new-resizer\/GYU9L1aUJ1dmGUJh8n_O7-Q62Wo=\/1200x675\/filters:format(jpg):quality(85)\/cloudfront-us-east-1.images.arcpublishing.com\/infobae\/XBHDLVU4SRD4XKLR3GGD5KYRBE.jpg 1200w,https:\/\/www.infobae.com\/new-resizer\/IyiqG7-7fMbQFih39kQUNM6f1Yo=\/1440x810\/filters:format(jpg):quality(85)\/cloudfront-us-east-1.images.arcpublishing.com\/infobae\/XBHDLVU4SRD4XKLR3GGD5KYRBE.jpg 1440w\" alt=\"Tres cordones policiales fueron necesarios para que los manifestantes no lleguen a la comisar\u00eda \" src=\"https:\/\/www.infobae.com\/new-resizer\/lLISu8SvyA4nLHtqN1_GiJtYhD4=\/420x236\/filters:format(jpg):quality(85)\/cloudfront-us-east-1.images.arcpublishing.com\/infobae\/XBHDLVU4SRD4XKLR3GGD5KYRBE.jpg%20420w\">Seg\u00fan publica el medio&nbsp;<strong>Infobae<\/strong>, el ministro de Seguridad de la Naci\u00f3n&nbsp;<strong>An\u00edbal Fern\u00e1ndez&nbsp;<\/strong>se puso a disposici\u00f3n de la Provincia pese a la interna con<strong>&nbsp;Sergio Berni.&nbsp;<\/strong>Recientemente despleg\u00f3 seis mil agentes federales en el conurbano: hab\u00eda mandado&nbsp;<strong>4.500 gendarmes&nbsp;<\/strong>a La Matanza y, tras la reacci\u00f3n de los vecinos de Ramos Mej\u00eda,&nbsp;<strong>este lunes mand\u00f3 500 m\u00e1s.<\/strong><\/p>\n\n\n\n<p><img loading=\"lazy\" decoding=\"async\" height=\"1080\" width=\"1920\" srcset=\"https:\/\/www.infobae.com\/new-resizer\/EtR6kzzy_yw77JqsS_hqDXb_gFs=\/420x236\/filters:format(jpg):quality(85)\/cloudfront-us-east-1.images.arcpublishing.com\/infobae\/PFEIQPQNCZGLJCOEHQTTFZ7KP4.jpg 420w,https:\/\/www.infobae.com\/new-resizer\/_b__pSzj81D9YVq3OX5adMq9fl4=\/768x432\/filters:format(jpg):quality(85)\/cloudfront-us-east-1.images.arcpublishing.com\/infobae\/PFEIQPQNCZGLJCOEHQTTFZ7KP4.jpg 768w,https:\/\/www.infobae.com\/new-resizer\/WVQBxIaOi90Py7izPXYLlNi3NJk=\/992x558\/filters:format(jpg):quality(85)\/cloudfront-us-east-1.images.arcpublishing.com\/infobae\/PFEIQPQNCZGLJCOEHQTTFZ7KP4.jpg 992w,https:\/\/www.infobae.com\/new-resizer\/Fwvio6-ZSrZOL2rXPZpS6Typljo=\/1200x675\/filters:format(jpg):quality(85)\/cloudfront-us-east-1.images.arcpublishing.com\/infobae\/PFEIQPQNCZGLJCOEHQTTFZ7KP4.jpg 1200w,https:\/\/www.infobae.com\/new-resizer\/YGbLLFklpw9ViJacIHLqSOAKYdM=\/1440x810\/filters:format(jpg):quality(85)\/cloudfront-us-east-1.images.arcpublishing.com\/infobae\/PFEIQPQNCZGLJCOEHQTTFZ7KP4.jpg 1440w\" alt=\"La polic\u00eda reprimi\u00f3 a los vecinos que exig\u00edan seguridad \" src=\"https:\/\/www.infobae.com\/new-resizer\/EtR6kzzy_yw77JqsS_hqDXb_gFs=\/420x236\/filters:format(jpg):quality(85)\/cloudfront-us-east-1.images.arcpublishing.com\/infobae\/PFEIQPQNCZGLJCOEHQTTFZ7KP4.jpg%20420w\">Entre Naci\u00f3n y Provincia hay&nbsp;<strong>desconfianzas mutuas<\/strong>, m\u00e1s all\u00e1 del afecto entre An\u00edbal Fern\u00e1ndez y Berni. Pese a los cambios de Gabinete, el ministro bonaerense recrudeci\u00f3 su enojo contra la gesti\u00f3n de Alberto Fern\u00e1ndez tras la derrota en las PASO. Mientras que en Casa Rosada lamentan -mascullando bronca- estar recibiendo el impacto del crimen del kiosquero cuando la seguridad del \u00e1rea corresponde a la administraci\u00f3n bonaerense, precisamente a Berni.<\/p>\n\n\n\n<p><strong><em>Infobae<\/em><\/strong><\/p>\n","protected":false},"excerpt":{"rendered":"<p>El crimen del kiosquero de Ramos Mej\u00eda hart\u00f3 a los vecinos que salieron a la calle a reclamar. Ni en el escenario m\u00e1s pesimist.a el Frente de Todos imaginaba llegar a la semana previa a las elecciones reprimiendo una manifestaci\u00f3n en La Matanza<\/p>\n","protected":false},"author":2,"featured_media":12011,"comment_status":"open","ping_status":"open","sticky":false,"template":"","format":"standard","meta":{"jnews-multi-image_gallery":[],"jnews_single_post":[],"jnews_primary_category":[],"jnews_social_meta":[],"jnews_review":[],"enable_review":"","type":"","name":"","summary":"","brand":"","sku":"","good":[],"bad":[],"score_override":"","override_value":"","rating":[],"price":[],"jnews_override_counter":[],"jnews_post_split":[],"footnotes":""},"categories":[58,59],"tags":[44],"class_list":["post-12010","post","type-post","status-publish","format-standard","has-post-thumbnail","hentry","category-argentina","category-politica","tag-argentina"],"amp_enabled":true,"_links":{"self":[{"href":"https:\/\/esreviral.com\/index.php?rest_route=\/wp\/v2\/posts\/12010"}],"collection":[{"href":"https:\/\/esreviral.com\/index.php?rest_route=\/wp\/v2\/posts"}],"about":[{"href":"https:\/\/esreviral.com\/index.php?rest_route=\/wp\/v2\/types\/post"}],"author":[{"embeddable":true,"href":"https:\/\/esreviral.com\/index.php?rest_route=\/wp\/v2\/users\/2"}],"replies":[{"embeddable":true,"href":"https:\/\/esreviral.com\/index.php?rest_route=%2Fwp%2Fv2%2Fcomments&post=12010"}],"version-history":[{"count":0,"href":"https:\/\/esreviral.com\/index.php?rest_route=\/wp\/v2\/posts\/12010\/revisions"}],"wp:featuredmedia":[{"embeddable":true,"href":"https:\/\/esreviral.com\/index.php?rest_route=\/"}],"wp:attachment":[{"href":"https:\/\/esreviral.com\/index.php?rest_route=%2Fwp%2Fv2%2Fmedia&parent=12010"}],"wp:term":[{"taxonomy":"category","embeddable":true,"href":"https:\/\/esreviral.com\/index.php?rest_route=%2Fwp%2Fv2%2Fcategories&post=12010"},{"taxonomy":"post_tag","embeddable":true,"href":"https:\/\/esreviral.com\/index.php?rest_route=%2Fwp%2Fv2%2Ftags&post=12010"}],"curies":[{"name":"wp","href":"https:\/\/api.w.org\/{rel}","templated":true}]}}