{"id":12004,"date":"2021-11-09T09:41:19","date_gmt":"2021-11-09T12:41:19","guid":{"rendered":"http:\/\/esreviral.com\/?p=12004"},"modified":"2021-11-09T09:41:19","modified_gmt":"2021-11-09T12:41:19","slug":"el-gobierno-argentino-evito-condenar-la-farsa-electoral-en-nicaragua","status":"publish","type":"post","link":"https:\/\/esreviral.com\/?p=12004","title":{"rendered":"El gobierno argentino evit\u00f3 condenar la farsa electoral en Nicaragua"},"content":{"rendered":"\n<p>El Gobierno de<strong>&nbsp;Alberto Fern\u00e1ndez<\/strong>, a trav\u00e9s del&nbsp;<strong>Ministerio de Relaciones Exteriores<\/strong>, evit\u00f3 condenar la farsa electoral en&nbsp;<strong>Nicaragua<\/strong>&nbsp;donde el pasado domingo el dictador&nbsp;<strong>Daniel Ortega&nbsp;<\/strong>se impuso con el 75% de los votos. En un escueto comunicado, canciller\u00eda manifest\u00f3 que mantiene su \u201ctradici\u00f3n diplom\u00e1tica de no injerencia en cuestiones internas\u201d.<\/p>\n\n\n\n<p><mark>\u201cA horas de haber finalizado el acto eleccionario, mantenemos nuestra tradici\u00f3n diplom\u00e1tica de no injerencia en cuestiones internas en otras naciones\u201d<\/mark>, estableci\u00f3 en su p\u00e1rrafo central la declaraci\u00f3n de la Canciller\u00eda que encabeza<strong>&nbsp;Santiago Cafiero<\/strong>.<\/p>\n\n\n\n<p>\u201cLa Rep\u00fablica Argentina ratifica su hist\u00f3rico compromiso con la defensa de los Derechos Humanos y apoya con firmeza el trabajo de la Alta Comisionada de Naciones Unidas,&nbsp;<strong>Michelle Bachelet<\/strong>, respecto de la situaci\u00f3n en Nicaragua\u201d, consign\u00f3 el comunicado.<\/p>\n\n\n\n<p>Pese a no condenar las controvertidas elecciones, el Gobierno argentino reiter\u00f3 su<strong>&nbsp;\u201cpreocupaci\u00f3n ante la detenci\u00f3n de dirigentes opositores\u201d<\/strong>&nbsp;y&nbsp;<strong>\u201cla necesidad de que el gobierno nicarag\u00fcense vele por el respeto de los derechos humanos de toda la poblaci\u00f3n\u201d<\/strong>.<\/p>\n\n\n\n<p>\u201cEn Argentina entendemos que la democracia supone respetar la diversidad ideol\u00f3gica y la participaci\u00f3n c\u00edvica sin proscripciones. Debemos acompa\u00f1ar al pueblo de Nicaragua para que cuanto antes recupere el di\u00e1logo y la convivencia democr\u00e1tica\u201d, concluye el comunicado del Ministerio de Relaciones Exteriores.<\/p>\n\n\n\n<p><img fetchpriority=\"high\" decoding=\"async\" height=\"1080\" width=\"1920\" srcset=\"https:\/\/www.infobae.com\/new-resizer\/do1KUlj3Icm5yY-DciECviN_Pkg=\/420x236\/filters:format(jpg):quality(85)\/cloudfront-us-east-1.images.arcpublishing.com\/infobae\/DCGPWR7YJNBGPDKFNWPZLFDIGE.jpg 420w,https:\/\/www.infobae.com\/new-resizer\/aBROR04cNjACp-ufaipnBk8kqLU=\/768x432\/filters:format(jpg):quality(85)\/cloudfront-us-east-1.images.arcpublishing.com\/infobae\/DCGPWR7YJNBGPDKFNWPZLFDIGE.jpg 768w,https:\/\/www.infobae.com\/new-resizer\/pprZ6H01t7MaDCnKdK4SeP9RN_M=\/992x558\/filters:format(jpg):quality(85)\/cloudfront-us-east-1.images.arcpublishing.com\/infobae\/DCGPWR7YJNBGPDKFNWPZLFDIGE.jpg 992w,https:\/\/www.infobae.com\/new-resizer\/SGAo8yl5RtXGh1E1h4GOlLSzXTM=\/1200x675\/filters:format(jpg):quality(85)\/cloudfront-us-east-1.images.arcpublishing.com\/infobae\/DCGPWR7YJNBGPDKFNWPZLFDIGE.jpg 1200w,https:\/\/www.infobae.com\/new-resizer\/D2YaPVxAs5hegmsQqEYXHz3dGdA=\/1440x810\/filters:format(jpg):quality(85)\/cloudfront-us-east-1.images.arcpublishing.com\/infobae\/DCGPWR7YJNBGPDKFNWPZLFDIGE.jpg 1440w\" alt=\"El canciller Santiago Cafiero junto al presidente Alberto Fern\u00e1ndez \" src=\"https:\/\/www.infobae.com\/new-resizer\/do1KUlj3Icm5yY-DciECviN_Pkg=\/420x236\/filters:format(jpg):quality(85)\/cloudfront-us-east-1.images.arcpublishing.com\/infobae\/DCGPWR7YJNBGPDKFNWPZLFDIGE.jpg%20420w\">El mandatario sandinista obtuvo el 74,99% de los votos con el 49,25% de las urnas escrutadas, con lo que garantiza su tercera reelecci\u00f3n consecutiva y segunda junto con su esposa, Rosario Murillo, como vicepresidenta, de acuerdo con los datos del Consejo Supremo Electoral (CSE), af\u00edn al r\u00e9gimen sandinista.<\/p>\n\n\n\n<p>La postura que expres\u00f3 este lunes el Gobierno argentino con los comicios en Nicaragua se contradice con la que adopt\u00f3 meses atr\u00e1s cuando fueron las elecciones de Per\u00fa. El pasado 10 de junio, cuando con el 99,1% de las mesas escrutadas&nbsp;<strong>Pedro Castillo<\/strong>&nbsp;y&nbsp;<strong>Keiko Fujimori&nbsp;<\/strong>peleaban voto a voto la presidencia con una diferencia \u00ednfima de 71 mil sufragios ( 50,2% contra 49,8%),&nbsp;Alberto Fern\u00e1ndez felicit\u00f3 al candidato de izquierda como presidente electo.&nbsp;Sin la confirmaci\u00f3n oficial de la victoria, por parte de la Justicia de Per\u00fa, el mandatario argentino incluso se comunic\u00f3 con Castillo para comenzar a trabajar en conjunto: \u201cLe expres\u00e9 mi deseo de que unamos esfuerzos en favor de Am\u00e9rica Latina; somos naciones profundamente hermanadas\u201d. En aquella ocasi\u00f3n no prim\u00f3 \u201cla tradici\u00f3n diplom\u00e1tica de no injerencia en cuestiones internas\u201d. Aqu\u00e9l nuevo traspi\u00e9 internacional deriv\u00f3 en que el Gobierno peruano enviara a la Argentina&nbsp;<strong>\u201cuna Nota de Protesta<\/strong>, ante las expresiones del se\u00f1or Presidente Alberto Fern\u00e1ndez, indicando que los resultados finales de las Elecciones Generales 2021 a\u00fan no han sido anunciados por las autoridades electorales de nuestro pa\u00eds\u201d.<\/p>\n\n\n\n<p><img decoding=\"async\" height=\"2305\" width=\"1920\" srcset=\"https:\/\/www.infobae.com\/new-resizer\/i3S4RL5BmyusalzX7ieE6hKHtZM=\/420x560\/filters:format(jpg):quality(85)\/cloudfront-us-east-1.images.arcpublishing.com\/infobae\/IPOSI5GSR5G7HCNCDXTWLHNNE4.jpg 420w,https:\/\/www.infobae.com\/new-resizer\/dV7HQ3xexIHbx7a7OSxqyJCZF3s=\/768x1024\/filters:format(jpg):quality(85)\/cloudfront-us-east-1.images.arcpublishing.com\/infobae\/IPOSI5GSR5G7HCNCDXTWLHNNE4.jpg 768w,https:\/\/www.infobae.com\/new-resizer\/odJ8NuiB2jaFH0Ez1QqAo1kGrWg=\/992x1323\/filters:format(jpg):quality(85)\/cloudfront-us-east-1.images.arcpublishing.com\/infobae\/IPOSI5GSR5G7HCNCDXTWLHNNE4.jpg 992w,https:\/\/www.infobae.com\/new-resizer\/e4ui9kqJW1pXlJ1cZ7iwAInnsKE=\/1200x1600\/filters:format(jpg):quality(85)\/cloudfront-us-east-1.images.arcpublishing.com\/infobae\/IPOSI5GSR5G7HCNCDXTWLHNNE4.jpg 1200w\" alt=\"El tuit de Alberto Fern\u00e1ndez felicitando a Pedro Castillo antes de la confirmaci\u00f3n oficial \" src=\"https:\/\/www.infobae.com\/new-resizer\/i3S4RL5BmyusalzX7ieE6hKHtZM=\/420x560\/filters:format(jpg):quality(85)\/cloudfront-us-east-1.images.arcpublishing.com\/infobae\/IPOSI5GSR5G7HCNCDXTWLHNNE4.jpg%20420w\">A diferencia de Argentina,&nbsp;<strong>la comunidad internacional desconoci\u00f3 los resultados de las elecciones de Nicaragua&nbsp;<\/strong>donde el ex guerrillero sandinista, Ortega, estar\u00e1 a la cabeza por otros cinco a\u00f1os.<strong>&nbsp;Alemania, Colombia, Costa Rica, Chile, Espa\u00f1a, Estados Unidos, Panam\u00e1, Reino Unido, la Uni\u00f3n Europea (UE), Per\u00fa, Ecuador y Uruguay<\/strong>&nbsp;fueron los primeros desconocer la elecci\u00f3n por falta de garant\u00edas y falta de competencia ante los arrestos de siete aspirantes a candidatos a la Presidencia por la oposici\u00f3n previo a las votaciones.<\/p>\n\n\n\n<p>\u201cSe apunta a eternizar a Daniel Ortega en un r\u00e9gimen dictatorial\u201d, cuestion\u00f3 el gobierno chileno. \u201cLas elecciones no fueron libres, justas ni transparentes\u201d, a\u00f1adi\u00f3 por su parte la administraci\u00f3n de Pedro Castillo. La Uni\u00f3n Europea apunt\u00f3 contra Ortega: \u201cPriv\u00f3 al pueblo de elegir libremente\u201d.<\/p>\n\n\n\n<p>Por su parte,&nbsp;<strong>Estados Unidos<\/strong>&nbsp;amenaz\u00f3 este lunes con imponer nuevas sanciones a Nicaragua. A trav\u00e9s de un comunicado firmado por el secretario de Estado norteamericano&nbsp;<strong>Antony Blinken<\/strong>, la Casa Blanca se\u00f1al\u00f3 que el ex guerrillero sandinista \u201cha privado a los nicarag\u00fcenses de la posibilidad de que haya verdaderas opciones, al disolver a todos los partidos de oposici\u00f3n genuinos y encarcelar a todos los principales candidatos presidenciales. Estos actos de represi\u00f3n y manipulaci\u00f3n electoral, que han recibido el repudio de los nicarag\u00fcenses y de la comunidad internacional, privan a los comicios del 7 de noviembre de toda trascendencia verdadera\u201d.<\/p>\n\n\n\n<p><strong>\u201cEstados Unidos se une a otras democracias de la regi\u00f3n y del mundo en la condena a esta subversi\u00f3n de las normas democr\u00e1ticas. Acompa\u00f1amos al pueblo nicarag\u00fcense y apoyamos a quienes buscan restablecer la democracia\u201d<\/strong>, agreg\u00f3 EE.UU explicando que continuar\u00e1n \u201cusando la diplomacia, las acciones coordinadas con nuestros aliados y socios regionales, las sanciones y las restricciones de visado\u201d para que&nbsp;<strong>\u201clos c\u00f3mplices en el apoyo a los actos no democr\u00e1ticos del gobierno de Ortega-Murillo rindan cuentas\u201d<\/strong>.<\/p>\n\n\n\n<p>En contraposici\u00f3n, la reelecci\u00f3n de Ortega fue avalada por los gobiernos de&nbsp;<strong>Rusia, Bolivia, Cuba y Venezuela.<\/strong>&nbsp;En diversos comunicados respaldaron a Ortega y aplaudieron la jornada electoral de este domingo pese a la detenci\u00f3n de los candidatos presidenciales. \u201cCumplieron con las leyes locales\u201d, manifest\u00f3 el gobierno de&nbsp;<strong>Vladimir Putin<\/strong>. En la misma sinton\u00eda, el dictador venezolano&nbsp;<strong>Nicol\u00e1s Maduro&nbsp;<\/strong>llam\u00f3 \u201ccobardes\u201d a los gobiernos que denunciaron el fraude electoral en el pa\u00eds centroamericano.<\/p>\n\n\n\n<p><strong>\u201c\u00a1Cobardes!<\/strong>&nbsp;Al final los que prevalecen son los valientes, los que luchan, los que batallan, los que defienden la dignidad y la verdad. Los cobardes quedan olvidados en el tiempo y en el camino, y solamente prevalece la gran revoluci\u00f3n sandinista de Nicaragua\u201d, fustig\u00f3 el dictador chavista.<\/p>\n\n\n\n<p><strong><em>Infobae<\/em><\/strong><\/p>\n","protected":false},"excerpt":{"rendered":"<p>La Canciller\u00eda emiti\u00f3 una declaraci\u00f3n ante los pol\u00e9micos comicios que organiz\u00f3 la dictadura de Daniel Ortega. \u201cMantenemos nuestra tradici\u00f3n diplom\u00e1tica de no injerencia en cuestiones internas de otras naciones\u201d, afirm\u00f3 el comunicado oficial.<\/p>\n","protected":false},"author":2,"featured_media":12005,"comment_status":"open","ping_status":"open","sticky":false,"template":"","format":"standard","meta":{"jnews-multi-image_gallery":[],"jnews_single_post":[],"jnews_primary_category":[],"jnews_social_meta":[],"jnews_review":[],"enable_review":"","type":"","name":"","summary":"","brand":"","sku":"","good":[],"bad":[],"score_override":"","override_value":"","rating":[],"price":[],"jnews_override_counter":[],"jnews_post_split":[],"footnotes":""},"categories":[88,59],"tags":[44,1289,895,431],"class_list":["post-12004","post","type-post","status-publish","format-standard","has-post-thumbnail","hentry","category-internacionales","category-politica","tag-argentina","tag-daniel-ortega","tag-nicaragua","tag-politica-2"],"amp_enabled":true,"_links":{"self":[{"href":"https:\/\/esreviral.com\/index.php?rest_route=\/wp\/v2\/posts\/12004"}],"collection":[{"href":"https:\/\/esreviral.com\/index.php?rest_route=\/wp\/v2\/posts"}],"about":[{"href":"https:\/\/esreviral.com\/index.php?rest_route=\/wp\/v2\/types\/post"}],"author":[{"embeddable":true,"href":"https:\/\/esreviral.com\/index.php?rest_route=\/wp\/v2\/users\/2"}],"replies":[{"embeddable":true,"href":"https:\/\/esreviral.com\/index.php?rest_route=%2Fwp%2Fv2%2Fcomments&post=12004"}],"version-history":[{"count":0,"href":"https:\/\/esreviral.com\/index.php?rest_route=\/wp\/v2\/posts\/12004\/revisions"}],"wp:featuredmedia":[{"embeddable":true,"href":"https:\/\/esreviral.com\/index.php?rest_route=\/"}],"wp:attachment":[{"href":"https:\/\/esreviral.com\/index.php?rest_route=%2Fwp%2Fv2%2Fmedia&parent=12004"}],"wp:term":[{"taxonomy":"category","embeddable":true,"href":"https:\/\/esreviral.com\/index.php?rest_route=%2Fwp%2Fv2%2Fcategories&post=12004"},{"taxonomy":"post_tag","embeddable":true,"href":"https:\/\/esreviral.com\/index.php?rest_route=%2Fwp%2Fv2%2Ftags&post=12004"}],"curies":[{"name":"wp","href":"https:\/\/api.w.org\/{rel}","templated":true}]}}