{"id":11992,"date":"2021-11-09T18:39:24","date_gmt":"2021-11-09T21:39:24","guid":{"rendered":"http:\/\/esreviral.com\/?p=11992"},"modified":"2021-11-09T18:39:24","modified_gmt":"2021-11-09T21:39:24","slug":"me-amenazaron-con-golpearme-venezolano-denuncia-haber-sido-despedido-con-violencia","status":"publish","type":"post","link":"https:\/\/esreviral.com\/?p=11992","title":{"rendered":"\u00abMe amenazaron con golpearme\u00bb, venezolano denuncia haber sido despedido con violencia"},"content":{"rendered":"\n<p>El dise\u00f1ador gr\u00e1fico Isaac Trejo, comenz\u00f3 a trabajar un mes atr\u00e1s en una empresa que se encarga del traiding de criptomonedas ubicado en Puerto Madero de Buenos Aires pero el pasado viernes fue despedido sin justificaci\u00f3n alguna. <\/p>\n\n\n\n<p>Trejo cuenta que luego que la chica de recursos humanos le inform\u00f3 que no seguir\u00eda en el puesto de trabajo, decidi\u00f3 borrar de la memoria de las computadoras el trabajo que hab\u00eda adelantado. <\/p>\n\n\n\n<p>\u00abYo hac\u00eda la identidad corporativa de la empresa. Al iniciar firm\u00e9 un contrato de discrecionalidad pero estaba en negro, o sea, nada era legal. El mismo viernes formate\u00e9 la computadora y eso les molest\u00f3. Me dijeron que fuera el lunes a buscar los cinco d\u00edas que trabaj\u00e9 de noviembre y cuando llego, me recibi\u00f3 fue el propio due\u00f1o quien me amenaz\u00f3 con golpearme sin importarle mi condici\u00f3n de epil\u00e9ptico\u00bb. <\/p>\n\n\n\n<p>El hombre de 30 a\u00f1os de edad, nativo del estado M\u00e9rida, coment\u00f3 que adem\u00e1s de eso, fue acusado de acoso por parte de la nueva gerente de recursos humanos, una joven de 21 a\u00f1os de edad. <\/p>\n\n\n\n<p>\u00abDesde que lleg\u00f3 estuvimos conversando, nos enviamos mensajes, nos estuvimos tirando onda, pero luego en el momento de mi supuesta liquidaci\u00f3n fue llamada por los jefes para nombrar un acoso inexistente, desprestigi\u00e1ndome como profesional y peor a\u00fan como persona\u00bb.<\/p>\n\n\n\n<p>Trejo teme porque en su curr\u00edculo est\u00e1n todos sus datos, incluso le pidieron los de alg\u00fan familiar y \u00e9l dio los de su hermano, por lo que no sabe las represalias que puedan tomar en su contra. <\/p>\n","protected":false},"excerpt":{"rendered":"<p>Sufre de epilepsia y no fue impedimento para que lo maltrataran, seg\u00fan su relato<\/p>\n","protected":false},"author":2,"featured_media":12022,"comment_status":"open","ping_status":"open","sticky":false,"template":"","format":"standard","meta":{"jnews-multi-image_gallery":[],"jnews_single_post":[],"jnews_primary_category":[],"jnews_social_meta":[],"jnews_review":[],"enable_review":"","type":"","name":"","summary":"","brand":"","sku":"","good":[],"bad":[],"score_override":"","override_value":"","rating":[],"price":[],"jnews_override_counter":[],"jnews_post_split":[],"footnotes":""},"categories":[54],"tags":[726,45,67],"class_list":["post-11992","post","type-post","status-publish","format-standard","has-post-thumbnail","hentry","category-inmigracion","tag-denuncia","tag-noticias","tag-venezolanos-en-argentina"],"amp_enabled":true,"_links":{"self":[{"href":"https:\/\/esreviral.com\/index.php?rest_route=\/wp\/v2\/posts\/11992"}],"collection":[{"href":"https:\/\/esreviral.com\/index.php?rest_route=\/wp\/v2\/posts"}],"about":[{"href":"https:\/\/esreviral.com\/index.php?rest_route=\/wp\/v2\/types\/post"}],"author":[{"embeddable":true,"href":"https:\/\/esreviral.com\/index.php?rest_route=\/wp\/v2\/users\/2"}],"replies":[{"embeddable":true,"href":"https:\/\/esreviral.com\/index.php?rest_route=%2Fwp%2Fv2%2Fcomments&post=11992"}],"version-history":[{"count":0,"href":"https:\/\/esreviral.com\/index.php?rest_route=\/wp\/v2\/posts\/11992\/revisions"}],"wp:featuredmedia":[{"embeddable":true,"href":"https:\/\/esreviral.com\/index.php?rest_route=\/"}],"wp:attachment":[{"href":"https:\/\/esreviral.com\/index.php?rest_route=%2Fwp%2Fv2%2Fmedia&parent=11992"}],"wp:term":[{"taxonomy":"category","embeddable":true,"href":"https:\/\/esreviral.com\/index.php?rest_route=%2Fwp%2Fv2%2Fcategories&post=11992"},{"taxonomy":"post_tag","embeddable":true,"href":"https:\/\/esreviral.com\/index.php?rest_route=%2Fwp%2Fv2%2Ftags&post=11992"}],"curies":[{"name":"wp","href":"https:\/\/api.w.org\/{rel}","templated":true}]}}