{"id":11832,"date":"2021-10-31T15:02:30","date_gmt":"2021-10-31T18:02:30","guid":{"rendered":"http:\/\/esreviral.com\/?p=11832"},"modified":"2021-10-31T15:02:30","modified_gmt":"2021-10-31T18:02:30","slug":"maduro-las-relaciones-con-argentina-no-estan-mal-pero-podrian-estar-mejor","status":"publish","type":"post","link":"https:\/\/esreviral.com\/?p=11832","title":{"rendered":"Maduro: \u201cLas relaciones con Argentina no est\u00e1n mal pero podr\u00edan estar mejor\u201d"},"content":{"rendered":"\n<p><strong>\u201cPodr\u00eda estar mejor\u201d,&nbsp;<\/strong>consider\u00f3 el presidente de Venezuela,&nbsp;<strong>Nicol\u00e1s Maduro<\/strong>, en cuanto al v\u00ednculo de su naci\u00f3n con la Argentina, a trav\u00e9s de la administraci\u00f3n del Frente de Todos. Justific\u00f3 esa afirmaci\u00f3n en que no fue f\u00e1cil reconstruir el v\u00ednculo despu\u00e9s del paso de Mauricio Macri por la Casa Rosada y&nbsp;<mark><strong>le pidi\u00f3 al presidente Alberto Fern\u00e1ndez \u201cavanzar m\u00e1s en la construcci\u00f3n de confianza\u201d.<\/strong><\/mark><\/p>\n\n\n\n<p>En una extensa entrevista en&nbsp;<em>Radio 10<\/em>, el mandatario carg\u00f3 todos los dardos contra Estados Unidos -principalmente hacia las pol\u00edticas de Donald Trump-, dijo que Venezuela \u201ces un pa\u00eds que est\u00e1 en paz\u201d, les pidi\u00f3 a los migrantes que regresen y que \u201cno se presten para mal poner y mal hablar de su patria amada\u201d, vener\u00f3 al Papa Francisco y reivindic\u00f3 a los expresidentes N\u00e9stor Kirchner y Hugo Ch\u00e1vez. En esa charla de casi una hora no mencion\u00f3 a la vicepresidenta Cristina Kirchner.<\/p>\n\n\n\n<p>Pese a admitir que dialog\u00f3 con Fern\u00e1ndez por tel\u00e9fono sobre \u201cdiversos temas\u201d, Maduro sostuvo: \u201cNo ha sido f\u00e1cil reconstruir las relaciones de confianza luego de tantos golpes que le dio Macri, tantas mentiras, tantas aventuras. El macrismo es uno de los creadores del Frankenstein fracasado de [Juan] Guaid\u00f3 [por el l\u00edder opositor], tiene las manos metidas en ese experimento fracasado y el da\u00f1o que hicieron hay que repararlo. Hay que avanzar m\u00e1s en la confianza\u201d.<\/p>\n\n\n\n<p>Adem\u00e1s, admiti\u00f3 que trabajar\u00e1 \u201cpara que las relaciones puedan estrecharse, mejorarse y llevarlas al nivel alt\u00edsimo de cooperaci\u00f3n del pasado\u201d y mostr\u00f3 inter\u00e9s en que se terminen dos barcos con destino a Venezuela que se construyen en la Argentina y que, seg\u00fan dijo, se encuentran parados por \u201cproblemas para mover los recursos\u201d debido al bloqueo de cuentas que denunci\u00f3 de parte de Estados Unidos.<\/p>\n\n\n\n<p>A largo plazo, Maduro vislumbr\u00f3 la posibilidad de que se retome la Uni\u00f3n Suramericana de Naciones (Unasur) impulsada en su momento por Kirchner y Ch\u00e1vez. \u201cEs muy importante, es la herencia de los libertadores: la uni\u00f3n para la liberaci\u00f3n del continente. Cuando se creen las condiciones hay que dar ese paso. Es lo que est\u00e1 pendiente\u201d, sostuvo despu\u00e9s de tomar un caf\u00e9 venezolano y junto a su esposa.<\/p>\n\n\n\n<p>Maduro habl\u00f3 de un \u201cataque permanente\u201d hacia Venezuela y dijo que existe una \u201cescalada in crescendo\u201d para desfigurarlo como l\u00edder y presidente. \u201cVenezuela es un pa\u00eds que est\u00e1 en paz, que entr\u00f3 en una campa\u00f1a electoral para la elecci\u00f3n 29\u00b0. Pese a las aversiones econ\u00f3micas, a la agresi\u00f3n pol\u00edtica, el intento de golpe de Estado, la autoproclama, las amenazas de invasi\u00f3n de Trump, nunca paramos el cronograma electoral. Va a ser el primer a\u00f1o de crecimiento econ\u00f3mico desde que arranc\u00f3 esta guerra, esta sanci\u00f3n y bloqueo. Por primera vez en 100 a\u00f1os Venezuela est\u00e1 produciendo el 100% de sus alimentos\u201d, coment\u00f3 sobre la naci\u00f3n que gobierna y asegur\u00f3:&nbsp;<strong>\u201cNo creo que en Am\u00e9rica Latina y en el mundo haya un pa\u00eds m\u00e1s agredido, amenazado y perseguido que la Venezuela bolivariana.&nbsp;<\/strong>Para nosotros no es un s\u00edntoma de autocompasi\u00f3n. A m\u00ed no me gusta el lloriqueo, es s\u00edntoma para luchar y salir adelante\u201d.<\/p>\n\n\n\n<p>Luego de minimizar la crisis migratoria que all\u00ed viven, al asumir que salieron del pa\u00eds \u201centre 600.000 y 900.000 venezolanos\u201d, mientras que los organismos internacionales entienden que fueron millones, Maduro culp\u00f3 a Trump como parte de la problem\u00e1tica al decir que sus pol\u00edticas dejaron a Venezuela en una \u201csituaci\u00f3n extrema\u201d y se refiri\u00f3 a la huida de hombres y mujeres como una \u201cv\u00e1lvula de escape\u201d frente a los \u201cmil voltios\u201d de sanciones.<\/p>\n\n\n\n<p>\u201cSon migrantes econ\u00f3micos. Les vendieron a trav\u00e9s de las redes sociales que su oportunidad de vida estaba en el exterior y una parte salieron. Muchos han regresado, m\u00e1s de 350.000 entre el a\u00f1o pasado y este a\u00f1o\u201d, justific\u00f3. A ellos les habl\u00f3 y les pidi\u00f3 que regresen al pa\u00eds. \u201cSon bienvenidos en Venezuela, vengan a su tierra. Los vamos a coger con solidaridad y amor\u201d, les dijo, aunque les advirti\u00f3:<strong>&nbsp;\u201cMientras est\u00e9n en el exterior no hablen mal de su pa\u00eds, al que habla mal de su pa\u00eds le va mal. No se alineen a la derecha, la derecha los va a utilizar, a manipular\u201d.<\/strong><\/p>\n\n\n\n<p class=\"has-text-align-right\"><strong><em>LA NACION<\/em><\/strong>.-<\/p>\n","protected":false},"excerpt":{"rendered":"<p>Pese a admitir que dialog\u00f3 con Fern\u00e1ndez por tel\u00e9fono sobre \u201cdiversos temas\u201d, Maduro sostuvo: \u201cNo ha sido f\u00e1cil reconstruir las relaciones de confianza luego de tantos golpes que le dio Macri\u00bb<\/p>\n","protected":false},"author":2,"featured_media":11833,"comment_status":"open","ping_status":"open","sticky":false,"template":"","format":"standard","meta":{"jnews-multi-image_gallery":[],"jnews_single_post":[],"jnews_primary_category":[],"jnews_social_meta":[],"jnews_review":[],"enable_review":"","type":"","name":"","summary":"","brand":"","sku":"","good":[],"bad":[],"score_override":"","override_value":"","rating":[],"price":[],"jnews_override_counter":[],"jnews_post_split":[],"footnotes":""},"categories":[59,66],"tags":[86,1068,45,56],"class_list":["post-11832","post","type-post","status-publish","format-standard","has-post-thumbnail","hentry","category-politica","category-venezuela","tag-alberto-fernandez","tag-nicolas-maduro","tag-noticias","tag-venezuela"],"amp_enabled":true,"_links":{"self":[{"href":"https:\/\/esreviral.com\/index.php?rest_route=\/wp\/v2\/posts\/11832"}],"collection":[{"href":"https:\/\/esreviral.com\/index.php?rest_route=\/wp\/v2\/posts"}],"about":[{"href":"https:\/\/esreviral.com\/index.php?rest_route=\/wp\/v2\/types\/post"}],"author":[{"embeddable":true,"href":"https:\/\/esreviral.com\/index.php?rest_route=\/wp\/v2\/users\/2"}],"replies":[{"embeddable":true,"href":"https:\/\/esreviral.com\/index.php?rest_route=%2Fwp%2Fv2%2Fcomments&post=11832"}],"version-history":[{"count":0,"href":"https:\/\/esreviral.com\/index.php?rest_route=\/wp\/v2\/posts\/11832\/revisions"}],"wp:featuredmedia":[{"embeddable":true,"href":"https:\/\/esreviral.com\/index.php?rest_route=\/"}],"wp:attachment":[{"href":"https:\/\/esreviral.com\/index.php?rest_route=%2Fwp%2Fv2%2Fmedia&parent=11832"}],"wp:term":[{"taxonomy":"category","embeddable":true,"href":"https:\/\/esreviral.com\/index.php?rest_route=%2Fwp%2Fv2%2Fcategories&post=11832"},{"taxonomy":"post_tag","embeddable":true,"href":"https:\/\/esreviral.com\/index.php?rest_route=%2Fwp%2Fv2%2Ftags&post=11832"}],"curies":[{"name":"wp","href":"https:\/\/api.w.org\/{rel}","templated":true}]}}