{"id":1178,"date":"2020-11-02T03:56:01","date_gmt":"2020-11-02T03:56:01","guid":{"rendered":"http:\/\/esreviral.com\/?p=1178"},"modified":"2020-11-02T03:56:01","modified_gmt":"2020-11-02T03:56:01","slug":"venezolana-murio-atropellada-en-palermo","status":"publish","type":"post","link":"https:\/\/esreviral.com\/?p=1178","title":{"rendered":"Dama muri\u00f3 tras ser atropellada en Palermo"},"content":{"rendered":"\n<p><strong><em>CIS.- <\/em><\/strong>Una dama, al parecer de nacionalidad venezolana, falleci\u00f3 la noche de este domingo, luego que fuese atropellada por un motorizado, aparentemente, trabajador de delivery.<\/p>\n\n\n\n<p>El terrible suceso ocurri\u00f3 aproximadamente a las 11:30 de la noche, en Godoy Cruz y Santa Fe del barrio de Palermo en Capital Federal. <\/p>\n\n\n\n<p>Seg\u00fan testigos del hecho, al parecer, las motos estaban pasando con su luz verde y presuntamente, la chica transit\u00f3 al momento que no le correspond\u00eda, \u00abescuch\u00e9 muchas cornetas volte\u00e9 y vi que la atropell\u00f3 una moto, luego ven\u00eda otra y le pas\u00f3 por encima. Ella cay\u00f3 de inmediato y qued\u00f3 en el sitio\u00bb, narro una de las personas que estaba presente. <\/p>\n\n\n\n<p>R\u00e1pidamente llamaron al sistema de emergencias y se acerc\u00f3 una ambulancia del SAME que intent\u00f3 darle los primeros auxilios pero la mujer de 42 a\u00f1os de edad, muri\u00f3 inmediatamente. <\/p>\n\n\n\n<p>El hombre que la atropell\u00f3 se qued\u00f3 en el sitio, le retuvieron la moto y se encontraba llorando y lamentando el hecho, coment\u00f3 el testigo.<\/p>\n\n\n\n<figure class=\"wp-block-embed-twitter wp-block-embed is-type-rich is-provider-twitter\"><div class=\"wp-block-embed__wrapper\">\n<blockquote class=\"twitter-tweet\" data-width=\"500\" data-dnt=\"true\"><p lang=\"es\" dir=\"ltr\"><a href=\"https:\/\/twitter.com\/hashtag\/02nov?src=hash&amp;ref_src=twsrc%5Etfw\">#02nov<\/a> una venezolana muri\u00f3 tras ser atropellada en Palermo <a href=\"https:\/\/t.co\/lRHozB2gIg\">pic.twitter.com\/lRHozB2gIg<\/a><\/p>&mdash; ES RE VIRAL (@esreviral) <a href=\"https:\/\/twitter.com\/esreviral\/status\/1323111881184288770?ref_src=twsrc%5Etfw\">November 2, 2020<\/a><\/blockquote><script async src=\"https:\/\/platform.twitter.com\/widgets.js\" charset=\"utf-8\"><\/script>\n<\/div><\/figure>\n","protected":false},"excerpt":{"rendered":"<p>La infortunada dama ten\u00eda 42 a\u00f1os de edad. Muri\u00f3 tras recibir el impacto<\/p>\n","protected":false},"author":2,"featured_media":1179,"comment_status":"open","ping_status":"open","sticky":false,"template":"","format":"standard","meta":{"jnews-multi-image_gallery":[],"jnews_single_post":[],"jnews_primary_category":[],"jnews_social_meta":[],"jnews_review":[],"enable_review":"","type":"","name":"","summary":"","brand":"","sku":"","good":[],"bad":[],"score_override":"","override_value":"","rating":[],"price":[],"jnews_override_counter":[],"jnews_post_split":[],"footnotes":""},"categories":[64],"tags":[45,65,67],"class_list":["post-1178","post","type-post","status-publish","format-standard","has-post-thumbnail","hentry","category-sucesos","tag-noticias","tag-sucesos","tag-venezolanos-en-argentina"],"amp_enabled":true,"_links":{"self":[{"href":"https:\/\/esreviral.com\/index.php?rest_route=\/wp\/v2\/posts\/1178"}],"collection":[{"href":"https:\/\/esreviral.com\/index.php?rest_route=\/wp\/v2\/posts"}],"about":[{"href":"https:\/\/esreviral.com\/index.php?rest_route=\/wp\/v2\/types\/post"}],"author":[{"embeddable":true,"href":"https:\/\/esreviral.com\/index.php?rest_route=\/wp\/v2\/users\/2"}],"replies":[{"embeddable":true,"href":"https:\/\/esreviral.com\/index.php?rest_route=%2Fwp%2Fv2%2Fcomments&post=1178"}],"version-history":[{"count":0,"href":"https:\/\/esreviral.com\/index.php?rest_route=\/wp\/v2\/posts\/1178\/revisions"}],"wp:featuredmedia":[{"embeddable":true,"href":"https:\/\/esreviral.com\/index.php?rest_route=\/"}],"wp:attachment":[{"href":"https:\/\/esreviral.com\/index.php?rest_route=%2Fwp%2Fv2%2Fmedia&parent=1178"}],"wp:term":[{"taxonomy":"category","embeddable":true,"href":"https:\/\/esreviral.com\/index.php?rest_route=%2Fwp%2Fv2%2Fcategories&post=1178"},{"taxonomy":"post_tag","embeddable":true,"href":"https:\/\/esreviral.com\/index.php?rest_route=%2Fwp%2Fv2%2Ftags&post=1178"}],"curies":[{"name":"wp","href":"https:\/\/api.w.org\/{rel}","templated":true}]}}