{"id":11748,"date":"2021-10-28T09:21:54","date_gmt":"2021-10-28T12:21:54","guid":{"rendered":"http:\/\/esreviral.com\/?p=11748"},"modified":"2021-10-28T09:21:54","modified_gmt":"2021-10-28T12:21:54","slug":"ola-de-calor-en-argentina-deja-un-muerto","status":"publish","type":"post","link":"https:\/\/esreviral.com\/?p=11748","title":{"rendered":"Ola de calor en Argentina deja un muerto"},"content":{"rendered":"\n<p>En medio de una semana marcadas por las altas temperaturas, con 33,3\u00b0 de m\u00e1xima ayer en la Ciudad y una sensaci\u00f3n t\u00e9rmica por encima de los 34\u00b0,<strong> un hombre de 56 a\u00f1os muri\u00f3 en la Reserva Ecol\u00f3gica, de Costanera Sur, de la Ciudad de Buenos Aires, aparentemente por efecto de un golpe de calor.<\/strong><\/p>\n\n\n\n<p><strong>Seg\u00fan contaron testigos, se desvaneci\u00f3 mientras hac\u00eda actividad f\u00edsica.<\/strong> Un amigo que lo acompa\u00f1aba mientras y otras personas que circulaban por el lugar pidieron asistencia cuando el hombre se descompuso.<\/p>\n\n\n\n<p>Cerca de las 15.45, polic\u00edas de la Comisar\u00eda Vecinal 1 E llegaron a la avenida Espa\u00f1a al 1700, en el interior de la Reserva Ecol\u00f3gica.<\/p>\n\n\n\n<p>Fuentes del caso contaron que <strong>intentaron reanimarlo, pero no reaccionaba a los est\u00edmulos.<\/strong> Dieron aviso al SAME y minutos los m\u00e9dicos constataron el fallecimiento.<\/p>\n\n\n\n<p><strong>Por la ola de calor, que durar\u00e1 al menos hasta el s\u00e1bado<\/strong>, el Servicio Meteorol\u00f3gico Nacional (SMN) <strong>recomend\u00f3 reducir la actividad f\u00edsica, hidratarse, no exponerse al sol entre las 11 y las 17<\/strong>, usar ropa liviana y buscar espacios ventilados.<\/p>\n\n\n\n<p class=\"has-text-align-right\"><strong><em>Clar\u00edn.-<\/em><\/strong><\/p>\n","protected":false},"excerpt":{"rendered":"<p>Estaba haciendo actividad f\u00edsica y el exceso de calor le habr\u00eda provocado un paro respiratorio<\/p>\n","protected":false},"author":2,"featured_media":11749,"comment_status":"open","ping_status":"open","sticky":false,"template":"","format":"standard","meta":{"jnews-multi-image_gallery":[],"jnews_single_post":[],"jnews_primary_category":[],"jnews_social_meta":[],"jnews_review":[],"enable_review":"","type":"","name":"","summary":"","brand":"","sku":"","good":[],"bad":[],"score_override":"","override_value":"","rating":[],"price":[],"jnews_override_counter":[],"jnews_post_split":[],"footnotes":""},"categories":[58],"tags":[1264,519,894,45,1261,122],"class_list":["post-11748","post","type-post","status-publish","format-standard","has-post-thumbnail","hentry","category-argentina","tag-altas-temperaturas","tag-calor","tag-ciudad-de-buenos-aires","tag-noticias","tag-ola-de-calor","tag-verano"],"amp_enabled":true,"_links":{"self":[{"href":"https:\/\/esreviral.com\/index.php?rest_route=\/wp\/v2\/posts\/11748"}],"collection":[{"href":"https:\/\/esreviral.com\/index.php?rest_route=\/wp\/v2\/posts"}],"about":[{"href":"https:\/\/esreviral.com\/index.php?rest_route=\/wp\/v2\/types\/post"}],"author":[{"embeddable":true,"href":"https:\/\/esreviral.com\/index.php?rest_route=\/wp\/v2\/users\/2"}],"replies":[{"embeddable":true,"href":"https:\/\/esreviral.com\/index.php?rest_route=%2Fwp%2Fv2%2Fcomments&post=11748"}],"version-history":[{"count":0,"href":"https:\/\/esreviral.com\/index.php?rest_route=\/wp\/v2\/posts\/11748\/revisions"}],"wp:featuredmedia":[{"embeddable":true,"href":"https:\/\/esreviral.com\/index.php?rest_route=\/"}],"wp:attachment":[{"href":"https:\/\/esreviral.com\/index.php?rest_route=%2Fwp%2Fv2%2Fmedia&parent=11748"}],"wp:term":[{"taxonomy":"category","embeddable":true,"href":"https:\/\/esreviral.com\/index.php?rest_route=%2Fwp%2Fv2%2Fcategories&post=11748"},{"taxonomy":"post_tag","embeddable":true,"href":"https:\/\/esreviral.com\/index.php?rest_route=%2Fwp%2Fv2%2Ftags&post=11748"}],"curies":[{"name":"wp","href":"https:\/\/api.w.org\/{rel}","templated":true}]}}