{"id":11711,"date":"2021-10-26T16:09:47","date_gmt":"2021-10-26T19:09:47","guid":{"rendered":"http:\/\/esreviral.com\/?p=11711"},"modified":"2021-10-26T16:09:47","modified_gmt":"2021-10-26T19:09:47","slug":"jonathan-moly-perdio-a-su-bebe","status":"publish","type":"post","link":"https:\/\/esreviral.com\/?p=11711","title":{"rendered":"Jonathan Moly perdi\u00f3 a su beb\u00e9"},"content":{"rendered":"\n<p>El cantautor venezolano, Jonathan Moly, anunci\u00f3 a trav\u00e9s de las redes sociales que perdi\u00f3 el beb\u00e9 que esperaba junto a su esposa Andrea Villarroel. <\/p>\n\n\n\n<p>\u201cMi angelito de la paz\u2026 Te amar\u00e9 siempre\u2026 donde quiera que est\u00e9s\u201d <a href=\"https:\/\/www.instagram.com\/p\/CVeKsExjVOw\/?utm_source=ig_embed&amp;utm_campaign=embed_video_watch_again\">escribi\u00f3 Moly en su post, en el que le dedic\u00f3 una canci\u00f3n<\/a> y mostr\u00f3 capturas de pantalla de la conversaci\u00f3n que tuvo con su pareja al momento que le indic\u00f3 que hab\u00edan perdido al bebe. <\/p>\n\n\n\n<p>\u00abNo tiene latido\u00bb, le escribi\u00f3 Villarroel en la conversaci\u00f3n. <\/p>\n","protected":false},"excerpt":{"rendered":"<p>El cantante le dedic\u00f3 un tema al beb\u00e9<\/p>\n","protected":false},"author":2,"featured_media":11712,"comment_status":"open","ping_status":"open","sticky":false,"template":"","format":"standard","meta":{"jnews-multi-image_gallery":[],"jnews_single_post":[],"jnews_primary_category":[],"jnews_social_meta":[],"jnews_review":[],"enable_review":"","type":"","name":"","summary":"","brand":"","sku":"","good":[],"bad":[],"score_override":"","override_value":"","rating":[],"price":[],"jnews_override_counter":[],"jnews_post_split":[],"footnotes":""},"categories":[50],"tags":[1260,45],"class_list":["post-11711","post","type-post","status-publish","format-standard","has-post-thumbnail","hentry","category-entretenimiento","tag-jonathan-moly","tag-noticias"],"amp_enabled":true,"_links":{"self":[{"href":"https:\/\/esreviral.com\/index.php?rest_route=\/wp\/v2\/posts\/11711"}],"collection":[{"href":"https:\/\/esreviral.com\/index.php?rest_route=\/wp\/v2\/posts"}],"about":[{"href":"https:\/\/esreviral.com\/index.php?rest_route=\/wp\/v2\/types\/post"}],"author":[{"embeddable":true,"href":"https:\/\/esreviral.com\/index.php?rest_route=\/wp\/v2\/users\/2"}],"replies":[{"embeddable":true,"href":"https:\/\/esreviral.com\/index.php?rest_route=%2Fwp%2Fv2%2Fcomments&post=11711"}],"version-history":[{"count":0,"href":"https:\/\/esreviral.com\/index.php?rest_route=\/wp\/v2\/posts\/11711\/revisions"}],"wp:featuredmedia":[{"embeddable":true,"href":"https:\/\/esreviral.com\/index.php?rest_route=\/"}],"wp:attachment":[{"href":"https:\/\/esreviral.com\/index.php?rest_route=%2Fwp%2Fv2%2Fmedia&parent=11711"}],"wp:term":[{"taxonomy":"category","embeddable":true,"href":"https:\/\/esreviral.com\/index.php?rest_route=%2Fwp%2Fv2%2Fcategories&post=11711"},{"taxonomy":"post_tag","embeddable":true,"href":"https:\/\/esreviral.com\/index.php?rest_route=%2Fwp%2Fv2%2Ftags&post=11711"}],"curies":[{"name":"wp","href":"https:\/\/api.w.org\/{rel}","templated":true}]}}