{"id":11702,"date":"2021-10-26T14:26:12","date_gmt":"2021-10-26T17:26:12","guid":{"rendered":"http:\/\/esreviral.com\/?p=11702"},"modified":"2021-10-26T14:26:12","modified_gmt":"2021-10-26T17:26:12","slug":"posible-embajador-de-eeuu-en-argentina-lamento-la-posicion-de-fernandez-para-con-venezuela","status":"publish","type":"post","link":"https:\/\/esreviral.com\/?p=11702","title":{"rendered":"Posible embajador de EEUU en Argentina lament\u00f3 la posici\u00f3n de Fern\u00e1ndez para con Venezuela"},"content":{"rendered":"\n<p>El embajador nominado de EEUU para Argentina, Marc R. Stanley, lament\u00f3 la posici\u00f3n que ha tenido el Gobierno de Alberto Fern\u00e1ndez para con Venezuela, Cuba y Nicaragua, esta manifestaci\u00f3n la realiz\u00f3 ante el Comit\u00e9 de Exteriores del Senado de EEUU en su audiencia de confirmaci\u00f3n.<\/p>\n\n\n\n<p>\u00abArgentina a\u00fan no se ha unido a Estados Unidos y otros pa\u00edses para presionar por la protecci\u00f3n de DDHH y reformas significativas en pa\u00edses como Venezuela, Cuba y Nicaragua. Si soy confirmado, me involucrar\u00e9 con el liderazgo argentino en todos los niveles para buscar formas de lograr nuestro objetivo com\u00fan de un hemisferio que honre nuestros m\u00e1s altos ideales\u00bb.<\/p>\n","protected":false},"excerpt":{"rendered":"<p>El embajador nominado de EEUU para Argentina, Marc R. Stanley, lament\u00f3 la posici\u00f3n que ha tenido el Gobierno de Alberto Fern\u00e1ndez para con Venezuela, Cuba y Nicaragua, esta manifestaci\u00f3n la realiz\u00f3 ante el Comit\u00e9 de Exteriores del Senado de EEUU en su audiencia de confirmaci\u00f3n. \u00abArgentina a\u00fan no se ha unido a Estados Unidos y [&hellip;]<\/p>\n","protected":false},"author":2,"featured_media":11703,"comment_status":"open","ping_status":"open","sticky":false,"template":"","format":"standard","meta":{"jnews-multi-image_gallery":[],"jnews_single_post":[],"jnews_primary_category":[],"jnews_social_meta":[],"jnews_review":[],"enable_review":"","type":"","name":"","summary":"","brand":"","sku":"","good":[],"bad":[],"score_override":"","override_value":"","rating":[],"price":[],"jnews_override_counter":[],"jnews_post_split":[],"footnotes":""},"categories":[88],"tags":[86,136,505,45,56],"class_list":["post-11702","post","type-post","status-publish","format-standard","has-post-thumbnail","hentry","category-internacionales","tag-alberto-fernandez","tag-estados-unidos","tag-joe-biden","tag-noticias","tag-venezuela"],"amp_enabled":true,"_links":{"self":[{"href":"https:\/\/esreviral.com\/index.php?rest_route=\/wp\/v2\/posts\/11702"}],"collection":[{"href":"https:\/\/esreviral.com\/index.php?rest_route=\/wp\/v2\/posts"}],"about":[{"href":"https:\/\/esreviral.com\/index.php?rest_route=\/wp\/v2\/types\/post"}],"author":[{"embeddable":true,"href":"https:\/\/esreviral.com\/index.php?rest_route=\/wp\/v2\/users\/2"}],"replies":[{"embeddable":true,"href":"https:\/\/esreviral.com\/index.php?rest_route=%2Fwp%2Fv2%2Fcomments&post=11702"}],"version-history":[{"count":0,"href":"https:\/\/esreviral.com\/index.php?rest_route=\/wp\/v2\/posts\/11702\/revisions"}],"wp:featuredmedia":[{"embeddable":true,"href":"https:\/\/esreviral.com\/index.php?rest_route=\/"}],"wp:attachment":[{"href":"https:\/\/esreviral.com\/index.php?rest_route=%2Fwp%2Fv2%2Fmedia&parent=11702"}],"wp:term":[{"taxonomy":"category","embeddable":true,"href":"https:\/\/esreviral.com\/index.php?rest_route=%2Fwp%2Fv2%2Fcategories&post=11702"},{"taxonomy":"post_tag","embeddable":true,"href":"https:\/\/esreviral.com\/index.php?rest_route=%2Fwp%2Fv2%2Ftags&post=11702"}],"curies":[{"name":"wp","href":"https:\/\/api.w.org\/{rel}","templated":true}]}}