{"id":11683,"date":"2021-10-25T19:30:39","date_gmt":"2021-10-25T22:30:39","guid":{"rendered":"http:\/\/esreviral.com\/?p=11683"},"modified":"2021-10-25T19:30:39","modified_gmt":"2021-10-25T22:30:39","slug":"estamos-deprimidos-abuelos-protestan-en-la-embajada-para-clamar-por-un-vuelo-de-repatriacion","status":"publish","type":"post","link":"https:\/\/esreviral.com\/?p=11683","title":{"rendered":"\u00abEstamos deprimidos\u00bb: abuelos protestan en la embajada para clamar por un vuelo de repatriaci\u00f3n"},"content":{"rendered":"\n<p><strong><em>Texto, fotos y videos: Carlos Iv\u00e1n Su\u00e1rez.- <\/em><\/strong> Un grupo de personas de la tercera edad se fueron a primera hora de este lunes hasta la embajada venezolana en Argentina para protestar y clamar por un vuelo de repatriaci\u00f3n. <\/p>\n\n\n\n<p>Daisy Aponte cuenta que est\u00e1n sin estabilidad en cuanto a la salud mental, \u00abmi esposo est\u00e1 sumamente deprimido y en tratamiento psiquit\u00e1trico\u00bb, cont\u00f3 la se\u00f1ora de 65 a\u00f1os de edad, quien tambi\u00e9n manifest\u00f3 sentirse mal. <\/p>\n\n\n\n<p>Ellos vinieron a Argentina en el a\u00f1o 2019 a conocer a su nieta que reci\u00e9n hab\u00eda nacido pero los tom\u00f3 por sorpresa la pandemia y quedaron varados. Su situaci\u00f3n se complica porque no est\u00e1n trabajando, tienen dos hijos en Buenos Aires, ambos profesionales universitarios pero c\u00f3mo a\u00fan no han convalidado, ejercen cualquier oficio. <\/p>\n\n\n\n<p>\u00abEn pandemia quedaron sin trabajo y los pocos ahorros que ten\u00edan para el pasaje de regreso, se los gastaron para poder sobrevivir\u00bb, explic\u00f3 Aponte, quien anhela retornar a su Barquisimeto natal. \u00abAll\u00e1 es distinto, uno conoce a su gente y todo bien\u00bb. <\/p>\n\n\n\n<figure class=\"wp-block-image size-large\"><img decoding=\"async\" src=\"https:\/\/esreviral.com\/wp-content\/uploads\/2021\/10\/IMG_5849-1024x576.jpg\" alt=\"\" class=\"wp-image-11685\"\/><figcaption>Esta pareja de sexagenarios llegaron a Buenos Aires s\u00f3lo para conocer a su nueva nieta y la pandemia los atrap\u00f3<\/figcaption><\/figure>\n\n\n\n<p>Josefina Solano se derrama en l\u00e1grimas al recordar c\u00f3mo su nieta de seis a\u00f1os de edad, la llama y le dice la falta que le hace. Mar\u00eda Pe\u00f1a tambi\u00e9n quiere volver, extra\u00f1a a su Caracas, \u00abtengo 61 a\u00f1os de edad y aqu\u00ed no consigo trabajo\u00bb. <\/p>\n\n\n\n<figure class=\"wp-block-image size-large is-resized\"><img fetchpriority=\"high\" decoding=\"async\" src=\"https:\/\/esreviral.com\/wp-content\/uploads\/2021\/10\/IMG_5851-1024x576.jpg\" alt=\"\" class=\"wp-image-11684\" width=\"640\" height=\"359\"\/><figcaption>Josefina Solano, se va en l\u00e1grimas al recordar a su peque\u00f1a nieta<\/figcaption><\/figure>\n\n\n\n<p>Estas son s\u00f3lo algunas de las historias de las m\u00e1s de 400 personas que claman por el vuelo de repatriaci\u00f3n, la mayor\u00eda de ellos son de la tercera edad y que no cuentan con los recursos econ\u00f3micos suficientes para pagar un boleto de regreso. <\/p>\n\n\n\n<figure class=\"wp-block-image size-large\"><img decoding=\"async\" src=\"https:\/\/esreviral.com\/wp-content\/uploads\/2021\/10\/IMG_5868-1024x576.jpg\" alt=\"\" class=\"wp-image-11686\"\/><figcaption>Jes\u00fas Oliveros cuenta que se alimenta gracias a las donaciones de una iglesia <\/figcaption><\/figure>\n\n\n\n<p>Arrecostado sobre una pared, estaba Jes\u00fas Oliveros, quien tambi\u00e9n se uni\u00f3 a la protesta, su situaci\u00f3n no es distinta, \u00abnos ayudan unos argentinos y vamos a buscar comida en una iglesia que les lleva la ONU y as\u00ed es que nos alimentamos\u00bb, confes\u00f3 el se\u00f1or, quien vino a visitar a sus hijos y a la pandemia no s\u00f3lo lo dej\u00f3 en un pa\u00eds ajeno al suyo sino que les arrebat\u00f3 el trabajo a sus reto\u00f1os. <\/p>\n\n\n\n<p><strong><span style=\"background-color:#9a1b22\" class=\"td_text_highlight_marker\">La embajadora los recibi\u00f3<\/span><\/strong><\/p>\n\n\n\n<p>Estas personas llegaron a primera hora del d\u00eda a la embajada, liderados por Johan Cheverr\u00eda. Al verlos ah\u00ed, la embajadora, Stella Lugo, baj\u00f3 y los atendi\u00f3. Les explic\u00f3 que est\u00e1 haciendo las gestiones necesarias y que s\u00f3lo esperan por respuesta de la canciller\u00eda, \u00abincluso nos permiti\u00f3 grabarla y tomarle fotos para ejercer m\u00e1s presi\u00f3n\u00bb, explic\u00f3 el l\u00edder. <\/p>\n\n\n\n<p>Tambi\u00e9n cont\u00f3 que el domingo aspiraban pernoctar en la embajada pero la polic\u00eda los corri\u00f3 bajo la orden de una funcionaria, de quien no supieron el nombre, \u00abella no se dej\u00f3 ni grabar y nosotros s\u00f3lo lo hacemos por archivar la lucha que tenemos\u00bb. <\/p>\n\n\n\n<figure class=\"wp-block-embed-twitter wp-block-embed is-type-rich is-provider-twitter\"><div class=\"wp-block-embed__wrapper\">\n<blockquote class=\"twitter-tweet\" data-width=\"500\" data-dnt=\"true\"><p lang=\"es\" dir=\"ltr\"><a href=\"https:\/\/twitter.com\/hashtag\/25oct?src=hash&amp;ref_src=twsrc%5Etfw\">#25oct<\/a> Abuelitos venezolanos en Argentina, claman por un pronto vuelo de repatriaci\u00f3n <a href=\"https:\/\/t.co\/YjgwoGsEHN\">pic.twitter.com\/YjgwoGsEHN<\/a><\/p>&mdash; ES RE VIRAL (@esreviral) <a href=\"https:\/\/twitter.com\/esreviral\/status\/1452764442417008644?ref_src=twsrc%5Etfw\">October 25, 2021<\/a><\/blockquote><script async src=\"https:\/\/platform.twitter.com\/widgets.js\" charset=\"utf-8\"><\/script>\n<\/div><\/figure>\n","protected":false},"excerpt":{"rendered":"<p>Son m\u00e1s de 400 personas que anhelan retornar a su pa\u00eds<\/p>\n","protected":false},"author":2,"featured_media":11687,"comment_status":"open","ping_status":"open","sticky":false,"template":"","format":"standard","meta":{"jnews-multi-image_gallery":[],"jnews_single_post":[],"jnews_primary_category":[],"jnews_social_meta":[],"jnews_review":[],"enable_review":"","type":"","name":"","summary":"","brand":"","sku":"","good":[],"bad":[],"score_override":"","override_value":"","rating":[],"price":[],"jnews_override_counter":[],"jnews_post_split":[],"footnotes":""},"categories":[54],"tags":[45,107,67,46],"class_list":["post-11683","post","type-post","status-publish","format-standard","has-post-thumbnail","hentry","category-inmigracion","tag-noticias","tag-repatriacion","tag-venezolanos-en-argentina","tag-vuelos"],"amp_enabled":true,"_links":{"self":[{"href":"https:\/\/esreviral.com\/index.php?rest_route=\/wp\/v2\/posts\/11683"}],"collection":[{"href":"https:\/\/esreviral.com\/index.php?rest_route=\/wp\/v2\/posts"}],"about":[{"href":"https:\/\/esreviral.com\/index.php?rest_route=\/wp\/v2\/types\/post"}],"author":[{"embeddable":true,"href":"https:\/\/esreviral.com\/index.php?rest_route=\/wp\/v2\/users\/2"}],"replies":[{"embeddable":true,"href":"https:\/\/esreviral.com\/index.php?rest_route=%2Fwp%2Fv2%2Fcomments&post=11683"}],"version-history":[{"count":0,"href":"https:\/\/esreviral.com\/index.php?rest_route=\/wp\/v2\/posts\/11683\/revisions"}],"wp:featuredmedia":[{"embeddable":true,"href":"https:\/\/esreviral.com\/index.php?rest_route=\/"}],"wp:attachment":[{"href":"https:\/\/esreviral.com\/index.php?rest_route=%2Fwp%2Fv2%2Fmedia&parent=11683"}],"wp:term":[{"taxonomy":"category","embeddable":true,"href":"https:\/\/esreviral.com\/index.php?rest_route=%2Fwp%2Fv2%2Fcategories&post=11683"},{"taxonomy":"post_tag","embeddable":true,"href":"https:\/\/esreviral.com\/index.php?rest_route=%2Fwp%2Fv2%2Ftags&post=11683"}],"curies":[{"name":"wp","href":"https:\/\/api.w.org\/{rel}","templated":true}]}}