{"id":11670,"date":"2021-10-25T17:18:50","date_gmt":"2021-10-25T20:18:50","guid":{"rendered":"http:\/\/esreviral.com\/?p=11670"},"modified":"2021-10-25T17:18:50","modified_gmt":"2021-10-25T20:18:50","slug":"video-exclusivo-del-momento-en-que-el-taxi-choco-y-exploto","status":"publish","type":"post","link":"https:\/\/esreviral.com\/?p=11670","title":{"rendered":"Video exclusivo del momento en que el taxi choc\u00f3 y explot\u00f3"},"content":{"rendered":"\n<p><strong><em>Carlos Iv\u00e1n Su\u00e1rez.-<\/em><\/strong> Usuarios de ES RE VIRAL, lograron grabar el momento en que el taxi iba rodando solo,  prendido en fuego, choc\u00f3 a otro auto y se registr\u00f3 una gran explosi\u00f3n que para muchos, fue algo similar a lo vivido con la AMIA. <\/p>\n\n\n\n<p>La hip\u00f3tesis que toma mayor fuerza es que el sistema de gas del taxi se averi\u00f3 y eso gener\u00f3 la explosi\u00f3n. <\/p>\n\n\n\n<p>Lea tambi\u00e9n: <a href=\"https:\/\/esreviral.com\/2021\/10\/25\/un-taxi-se-incendio-choco-a-un-auto-y-causo-una-gran-explosion-video\/\">UN TAXI SE INCENDI\u00d3, CHOC\u00d3 A UN AUTO Y CAUS\u00d3 UNA GRAN EXPLOSI\u00d3N (+VIDEO)<\/a><\/p>\n\n\n\n<p><a href=\"https:\/\/esreviral.com\/2021\/10\/25\/enfotos-asi-quedaron-los-edificios-y-comercios-cercanos-al-lugar-de-la-explosion-del-taxi\/\">#ENFOTOS AS\u00cd QUEDARON LOS EDIFICIOS Y COMERCIOS CERCANOS AL LUGAR DE LA EXPLOSI\u00d3N DEL TAXI<\/a><\/p>\n\n\n\n<figure class=\"wp-block-embed-twitter wp-block-embed is-type-rich is-provider-twitter\"><div class=\"wp-block-embed__wrapper\">\n<blockquote class=\"twitter-tweet\" data-width=\"500\" data-dnt=\"true\"><p lang=\"es\" dir=\"ltr\">Explosi\u00f3n: el auto incendiado choc\u00f3 a otro en Anchorena y Cabrera de Buenos Aires. El conductor sali\u00f3 ileso <a href=\"https:\/\/t.co\/2A9NFhntC5\">pic.twitter.com\/2A9NFhntC5<\/a><\/p>&mdash; ES RE VIRAL (@esreviral) <a href=\"https:\/\/twitter.com\/esreviral\/status\/1452726340973568000?ref_src=twsrc%5Etfw\">October 25, 2021<\/a><\/blockquote><script async src=\"https:\/\/platform.twitter.com\/widgets.js\" charset=\"utf-8\"><\/script>\n<\/div><\/figure>\n","protected":false},"excerpt":{"rendered":"<p>La hip\u00f3tesis que toma mayor fuerza es que el sistema de gas del taxi se averi\u00f3 y eso gener\u00f3 la explosi\u00f3n<\/p>\n","protected":false},"author":2,"featured_media":11679,"comment_status":"open","ping_status":"open","sticky":false,"template":"","format":"standard","meta":{"jnews-multi-image_gallery":[],"jnews_single_post":[],"jnews_primary_category":[],"jnews_social_meta":[],"jnews_review":[],"enable_review":"","type":"","name":"","summary":"","brand":"","sku":"","good":[],"bad":[],"score_override":"","override_value":"","rating":[],"price":[],"jnews_override_counter":[],"jnews_post_split":[],"footnotes":""},"categories":[58,64],"tags":[44,894,633,45,1256],"class_list":["post-11670","post","type-post","status-publish","format-standard","has-post-thumbnail","hentry","category-argentina","category-sucesos","tag-argentina","tag-ciudad-de-buenos-aires","tag-explosion-2","tag-noticias","tag-taxi"],"amp_enabled":true,"_links":{"self":[{"href":"https:\/\/esreviral.com\/index.php?rest_route=\/wp\/v2\/posts\/11670"}],"collection":[{"href":"https:\/\/esreviral.com\/index.php?rest_route=\/wp\/v2\/posts"}],"about":[{"href":"https:\/\/esreviral.com\/index.php?rest_route=\/wp\/v2\/types\/post"}],"author":[{"embeddable":true,"href":"https:\/\/esreviral.com\/index.php?rest_route=\/wp\/v2\/users\/2"}],"replies":[{"embeddable":true,"href":"https:\/\/esreviral.com\/index.php?rest_route=%2Fwp%2Fv2%2Fcomments&post=11670"}],"version-history":[{"count":0,"href":"https:\/\/esreviral.com\/index.php?rest_route=\/wp\/v2\/posts\/11670\/revisions"}],"wp:featuredmedia":[{"embeddable":true,"href":"https:\/\/esreviral.com\/index.php?rest_route=\/"}],"wp:attachment":[{"href":"https:\/\/esreviral.com\/index.php?rest_route=%2Fwp%2Fv2%2Fmedia&parent=11670"}],"wp:term":[{"taxonomy":"category","embeddable":true,"href":"https:\/\/esreviral.com\/index.php?rest_route=%2Fwp%2Fv2%2Fcategories&post=11670"},{"taxonomy":"post_tag","embeddable":true,"href":"https:\/\/esreviral.com\/index.php?rest_route=%2Fwp%2Fv2%2Ftags&post=11670"}],"curies":[{"name":"wp","href":"https:\/\/api.w.org\/{rel}","templated":true}]}}