{"id":11659,"date":"2021-10-25T11:57:10","date_gmt":"2021-10-25T14:57:10","guid":{"rendered":"http:\/\/esreviral.com\/?p=11659"},"modified":"2021-10-25T11:57:10","modified_gmt":"2021-10-25T14:57:10","slug":"capturaron-a-alias-otoniel-el-narcotraficante-mas-buscado-de-colombia","status":"publish","type":"post","link":"https:\/\/esreviral.com\/?p=11659","title":{"rendered":"Capturaron a alias \u00abOtoniel\u00bb, el narcotraficante m\u00e1s buscado de Colombia"},"content":{"rendered":"\n<p>Dairo Antonio \u00dasuga, m\u00e1s conocido como alias &#8216;Otoniel&#8217;, el narcotraficante m\u00e1s buscado de Colombia y l\u00edder del Clan del Golfo, fue capturado el 23 de octubre, durante el operativo &#8216;Osiris&#8217;, llevado a cabo por las fuerzas armadas colombianas en una zona rural de la regi\u00f3n del Urab\u00e1, ubicada en el departamento de Antioquia.<\/p>\n\n\n\n<p>Durante d\u00e9cadas, &#8216;Otoniel&#8217;\u00a0logr\u00f3 evadir al Ej\u00e9rcito y a la Polic\u00eda, que desarrollaron cientos de operaciones en la zona del Urab\u00e1 (noroeste colombiano).\u00a0\u00dasuga est\u00e1 acusado de enviar toneladas de coca\u00edna a Estados Unidos, as\u00ed como de montar una red criminal de extorsiones a empresarios y comerciantes. Iv\u00e1n Duque lo responsabiliza de matar a polic\u00edas, l\u00edderes sociales, reclutar menores y abusar sexualmente de ni\u00f1os, entre otros delitos.<\/p>\n\n\n\n<figure class=\"wp-block-embed-twitter wp-block-embed is-type-rich is-provider-twitter\"><div class=\"wp-block-embed__wrapper\">\n<blockquote class=\"twitter-tweet\" data-width=\"500\" data-dnt=\"true\"><p lang=\"es\" dir=\"ltr\">A los criminales les enviamos un mensaje claro y contundente; la ca\u00edda de alias &#39;Otoniel&#39; marca el final del Clan del Golfo, y solo restan dos caminos: se someten a la justicia de inmediato o les caer\u00e1 de la misma manera todo el peso de la ley. <a href=\"https:\/\/twitter.com\/hashtag\/ElQueLaHaceLaPaga?src=hash&amp;ref_src=twsrc%5Etfw\">#ElQueLaHaceLaPaga<\/a>. <a href=\"https:\/\/t.co\/FqXMxlNnGU\">pic.twitter.com\/FqXMxlNnGU<\/a><\/p>&mdash; Iv\u00e1n Duque \ud83c\udde8\ud83c\uddf4 (@IvanDuque) <a href=\"https:\/\/twitter.com\/IvanDuque\/status\/1452066055354990595?ref_src=twsrc%5Etfw\">October 24, 2021<\/a><\/blockquote><script async src=\"https:\/\/platform.twitter.com\/widgets.js\" charset=\"utf-8\"><\/script>\n<\/div><\/figure>\n\n\n\n<p>El Gobierno colombiano hab\u00eda ofrecido una recompensa de hasta 3.000 millones de pesos (casi 800.000 d\u00f3lares) por informaci\u00f3n sobre el paradero del cabecilla del Clan del Golfo, mientras que el gobierno de Estados Unidos hab\u00eda ofrecido una recompensa de 5 millones de d\u00f3lares por ayudar a localizarlo.<\/p>\n\n\n\n<p>El narcotraficante colombiano se encuentra&nbsp;desde 2013 en la &#8216;Lista Clinton&#8217;&nbsp;de Estados Unidos. El grupo armado, tambi\u00e9n conocido como Autodefensas Gaitanistas de Colombia (AGC) o Clan del Golfo&nbsp;cuenta con m\u00e1s de 3.000 integrantes, seg\u00fan organismos de inteligencia.<\/p>\n\n\n\n<p>En 2017 &#8216;Otoniel&#8217;&nbsp;anunci\u00f3 su intenci\u00f3n de someterse a la justicia, pero el plan nunca lleg\u00f3 a concretarse porque el Gobierno llev\u00f3 a cabo ofensivas en contra del Clan del Golfo.<\/p>\n\n\n\n<p>De guerrillero&nbsp; a convertirse en el l\u00edder del grupo narcotraficante \u201cEl Clan del Golfo\u201d<\/p>\n\n\n\n<p>&#8216;Otoniel&#8217;&nbsp;hizo parte del Ej\u00e9rcito Popular de Liberaci\u00f3n (EPL), una guerrilla colombiana fundada en 1967, de la cual&nbsp;se desvincul\u00f3 en 1991 tras la firma de un acuerdo de paz de ese grupo con el Gobierno.<\/p>\n\n\n\n<p>Luego ingres\u00f3 al grupo paramilitar&nbsp;Autodefensas Unidas de Colombia (AUC), donde trabaj\u00f3 bajo las \u00f3rdenes de uno de sus jefes m\u00e1s conocidos, Daniel Rend\u00f3n Herrera, alias \u00abDon Mario\u00bb, encargado de lavar dinero y pagar extorsiones.<\/p>\n\n\n\n<p>En 2006, con la desmovilizaci\u00f3n de los grupos paramilitares (AUC) y con la captura de Don Mario en 2009,\u00a0\u00e9l y su hermano, Juan de Dios \u00dasuga, alias &#8216;Giovanni&#8217;, formaron &#8216;Los Urabe\u00f1os&#8217;, otro de los nombres con los que se conoci\u00f3 a las Autodefensas Gaitanistas de Colombia (AGC) o al Clan del Golfo.<\/p>\n\n\n\n<p>El Clan del Golfo tiene alrededor de 1.200 hombres armados, la mayor\u00eda ex miembros de grupos paramilitares,&nbsp; presentes en 10 de los 32 departamentos&nbsp;de Colombia.&nbsp;Adem\u00e1s del tr\u00e1fico de drogas, el grupo armado est\u00e1 involucrado en la miner\u00eda ilegal, seg\u00fan las autoridades del pa\u00eds.&nbsp;<\/p>\n\n\n\n<p>El golpe m\u00e1s grande al narcotr\u00e1fico desde la ca\u00edda de Pablo Escobar<\/p>\n\n\n\n<p>La Operaci\u00f3n Osiris, que permiti\u00f3 la captura del capo, involucr\u00f3 a m\u00e1s de 500 miembros de las fuerzas especiales de Colombia y 22 helic\u00f3pteros, seg\u00fan inform\u00f3 el ministro de Defensa, Diego Molano.<\/p>\n\n\n\n<figure class=\"wp-block-embed-twitter wp-block-embed is-type-rich is-provider-twitter\"><div class=\"wp-block-embed__wrapper\">\n<blockquote class=\"twitter-tweet\" data-width=\"500\" data-dnt=\"true\"><p lang=\"es\" dir=\"ltr\">En operaci\u00f3n Osiris \u00a1Cay\u00f3 \u2018Otoniel\u2019! S\u00edmbolo del mal. Uno de los m\u00e1s grandes narcotraficantes y reclutador de ni\u00f1os \u00a1Gracias a nuestros soldados y polic\u00edas! La promesa de acabar con el narcocrimen se cumple. <a href=\"https:\/\/twitter.com\/hashtag\/SinTregua?src=hash&amp;ref_src=twsrc%5Etfw\">#SinTregua<\/a> por una <a href=\"https:\/\/twitter.com\/hashtag\/DemocraciaSegura?src=hash&amp;ref_src=twsrc%5Etfw\">#DemocraciaSegura<\/a> <a href=\"https:\/\/t.co\/hOwz7COap0\">pic.twitter.com\/hOwz7COap0<\/a><\/p>&mdash; Diego Molano Aponte (@Diego_Molano) <a href=\"https:\/\/twitter.com\/Diego_Molano\/status\/1452050572182425609?ref_src=twsrc%5Etfw\">October 23, 2021<\/a><\/blockquote><script async src=\"https:\/\/platform.twitter.com\/widgets.js\" charset=\"utf-8\"><\/script>\n<\/div><\/figure>\n\n\n\n<p>En los \u00faltimos meses, Dairo Antonio \u00dasuga estaba ubicado en una zona rural del departamento de Antioquia rodeado de su equipo de seguridad y salud que le controlaban sus problemas de tensi\u00f3n y diabetes, seg\u00fan informaci\u00f3n de la Polic\u00eda de Colombia.<\/p>\n\n\n\n<p>Su captura se suma a las detenciones de algunos de sus aliados m\u00e1s cercanos: su primo Harlinson \u00dasuga, alias &#8216;Orejas&#8217;, fue extraditado a EE.UU. en marzo. Ese mismo mes, tambi\u00e9n fue detenida su hermana, Nini Jhoana \u00dasuga, alias &#8216;La Negra&#8217;, jefa de finanzas del Clan del Golfo.<\/p>\n\n\n\n<p class=\"has-text-align-right\"><strong><em>Reuters<\/em><\/strong><\/p>\n","protected":false},"excerpt":{"rendered":"<p>El 23 de octubre, alias &#8216;Otoniel&#8217; fue capturado durante un operativo conjunto, al noreste del pa\u00eds, entre la Polic\u00eda y las Fuerzas Armadas de Colombia. La captura del jefe del Clan del Golfo \u00abes el golpe m\u00e1s grande al narcotr\u00e1fico desde la ca\u00edda de Pablo Escobar\u00bb en 1993, asegur\u00f3 el presidente colombiano, Iv\u00e1n Duque.<\/p>\n","protected":false},"author":2,"featured_media":11660,"comment_status":"open","ping_status":"open","sticky":false,"template":"","format":"standard","meta":{"jnews-multi-image_gallery":[],"jnews_single_post":[],"jnews_primary_category":[],"jnews_social_meta":[],"jnews_review":[],"enable_review":"","type":"","name":"","summary":"","brand":"","sku":"","good":[],"bad":[],"score_override":"","override_value":"","rating":[],"price":[],"jnews_override_counter":[],"jnews_post_split":[],"footnotes":""},"categories":[88],"tags":[283,1255],"class_list":["post-11659","post","type-post","status-publish","format-standard","has-post-thumbnail","hentry","category-internacionales","tag-colombia","tag-narcotrafico"],"amp_enabled":true,"_links":{"self":[{"href":"https:\/\/esreviral.com\/index.php?rest_route=\/wp\/v2\/posts\/11659"}],"collection":[{"href":"https:\/\/esreviral.com\/index.php?rest_route=\/wp\/v2\/posts"}],"about":[{"href":"https:\/\/esreviral.com\/index.php?rest_route=\/wp\/v2\/types\/post"}],"author":[{"embeddable":true,"href":"https:\/\/esreviral.com\/index.php?rest_route=\/wp\/v2\/users\/2"}],"replies":[{"embeddable":true,"href":"https:\/\/esreviral.com\/index.php?rest_route=%2Fwp%2Fv2%2Fcomments&post=11659"}],"version-history":[{"count":0,"href":"https:\/\/esreviral.com\/index.php?rest_route=\/wp\/v2\/posts\/11659\/revisions"}],"wp:featuredmedia":[{"embeddable":true,"href":"https:\/\/esreviral.com\/index.php?rest_route=\/"}],"wp:attachment":[{"href":"https:\/\/esreviral.com\/index.php?rest_route=%2Fwp%2Fv2%2Fmedia&parent=11659"}],"wp:term":[{"taxonomy":"category","embeddable":true,"href":"https:\/\/esreviral.com\/index.php?rest_route=%2Fwp%2Fv2%2Fcategories&post=11659"},{"taxonomy":"post_tag","embeddable":true,"href":"https:\/\/esreviral.com\/index.php?rest_route=%2Fwp%2Fv2%2Ftags&post=11659"}],"curies":[{"name":"wp","href":"https:\/\/api.w.org\/{rel}","templated":true}]}}