{"id":11522,"date":"2021-10-20T07:41:21","date_gmt":"2021-10-20T10:41:21","guid":{"rendered":"http:\/\/esreviral.com\/?p=11522"},"modified":"2021-10-20T07:41:21","modified_gmt":"2021-10-20T10:41:21","slug":"por-que-se-celebra-el-20-de-octubre-el-dia-del-pediatra-en-argentina","status":"publish","type":"post","link":"https:\/\/esreviral.com\/?p=11522","title":{"rendered":"\u00bfPor qu\u00e9 se celebra el 20 de octubre el D\u00eda del Pediatra en Argentina?"},"content":{"rendered":"\n<p>El&nbsp;D\u00eda del Pediatra&nbsp;<strong>se instaur\u00f3 en el a\u00f1o 1973 durante el Congreso Mundial de Pediatr\u00eda celebrado en nuestro pa\u00eds,<\/strong>&nbsp;en conmemoraci\u00f3n de la fundaci\u00f3n de la Sociedad Argentina de Pediatr\u00eda (SAP) el&nbsp;20 de octubre&nbsp;de 1911.<\/p>\n\n\n\n<p>Antiguamente,&nbsp;la pediatr\u00eda no exist\u00eda como una disciplina,&nbsp;quienes se ocupaban y ten\u00edan la responsabilidad de la salud de los ni\u00f1os eran las madres y las llamadas \u00abcomadronas\u00bb.<\/p>\n\n\n\n<p>Y no fue hasta el siglo XV cuando comenzaron a considerarse las enfermedades de los ni\u00f1os como una especialidad que dio origen a la pediatr\u00eda, una palabra que proviene de \u00abpaidos\u00bb (ni\u00f1o en griego) y \u00abiatrea\u00bb (a curaci\u00f3n en griego).<\/p>\n\n\n\n<p>Los m\u00e9dicos pediatra son quienes se encargan&nbsp;del seguimiento sobre la salud del ni\u00f1o neonato en sus primeros meses de vida, asi como tambi\u00e9n,&nbsp; de la&nbsp;prevenci\u00f3n del ni\u00f1o sano&nbsp;y de realizar los&nbsp;diagn\u00f3sticos y tratamientos&nbsp;de enfermedades en beb\u00e9s, ni\u00f1os y adolescentes.<\/p>\n\n\n\n<p>De acuerdo a los registros m\u00e1s recientes, la SAP cuenta, al menos, con 19.000 pediatras afiliados en todo el territorio nacional.<\/p>\n\n\n\n<p>El m\u00e8dico pediatra trabaja en las diferentes etapas del desarrollo del ni\u00f1o que se configuran en 5 etapas<\/p>\n\n\n\n<p>-Reci\u00e9n nacido (hasta las cuatro semanas)<\/p>\n\n\n\n<p>-Lactante (Uno hasta 12 meses de vida)<\/p>\n\n\n\n<p>-Preescolar (de uno a seis a\u00f1os)<\/p>\n\n\n\n<p>-Escolar (de seis a 12 a\u00f1os)<\/p>\n\n\n\n<p>-Adolescente (de 12 a 18 a\u00f1os)<\/p>\n\n\n\n<p class=\"has-text-align-right\"><strong><em>Filo.news<\/em><\/strong><\/p>\n","protected":false},"excerpt":{"rendered":"<p>La efem\u00e9ride se fij\u00f3 en 1973 durante el Congreso Mundial de Pediatr\u00eda que se llev\u00f3 a cabo en nuestro pa\u00eds.<\/p>\n","protected":false},"author":2,"featured_media":11523,"comment_status":"open","ping_status":"open","sticky":false,"template":"","format":"standard","meta":{"jnews-multi-image_gallery":[],"jnews_single_post":[],"jnews_primary_category":[],"jnews_social_meta":[],"jnews_review":[],"enable_review":"","type":"","name":"","summary":"","brand":"","sku":"","good":[],"bad":[],"score_override":"","override_value":"","rating":[],"price":[],"jnews_override_counter":[],"jnews_post_split":[],"footnotes":""},"categories":[84],"tags":[1243,390],"class_list":["post-11522","post","type-post","status-publish","format-standard","has-post-thumbnail","hentry","category-salud","tag-argenntina","tag-medicos"],"amp_enabled":true,"_links":{"self":[{"href":"https:\/\/esreviral.com\/index.php?rest_route=\/wp\/v2\/posts\/11522"}],"collection":[{"href":"https:\/\/esreviral.com\/index.php?rest_route=\/wp\/v2\/posts"}],"about":[{"href":"https:\/\/esreviral.com\/index.php?rest_route=\/wp\/v2\/types\/post"}],"author":[{"embeddable":true,"href":"https:\/\/esreviral.com\/index.php?rest_route=\/wp\/v2\/users\/2"}],"replies":[{"embeddable":true,"href":"https:\/\/esreviral.com\/index.php?rest_route=%2Fwp%2Fv2%2Fcomments&post=11522"}],"version-history":[{"count":0,"href":"https:\/\/esreviral.com\/index.php?rest_route=\/wp\/v2\/posts\/11522\/revisions"}],"wp:featuredmedia":[{"embeddable":true,"href":"https:\/\/esreviral.com\/index.php?rest_route=\/"}],"wp:attachment":[{"href":"https:\/\/esreviral.com\/index.php?rest_route=%2Fwp%2Fv2%2Fmedia&parent=11522"}],"wp:term":[{"taxonomy":"category","embeddable":true,"href":"https:\/\/esreviral.com\/index.php?rest_route=%2Fwp%2Fv2%2Fcategories&post=11522"},{"taxonomy":"post_tag","embeddable":true,"href":"https:\/\/esreviral.com\/index.php?rest_route=%2Fwp%2Fv2%2Ftags&post=11522"}],"curies":[{"name":"wp","href":"https:\/\/api.w.org\/{rel}","templated":true}]}}