{"id":1122,"date":"2020-10-30T16:47:47","date_gmt":"2020-10-30T16:47:47","guid":{"rendered":"http:\/\/esreviral.com\/?p=1122"},"modified":"2020-10-30T16:47:47","modified_gmt":"2020-10-30T16:47:47","slug":"alberto-fernandez-invertir-en-seguridad-es-cuidar-al-ciudadano-mas-humilde","status":"publish","type":"post","link":"https:\/\/esreviral.com\/?p=1122","title":{"rendered":"Alberto Fern\u00e1ndez: \u201cInvertir en seguridad es cuidar al ciudadano m\u00e1s humilde\u201d"},"content":{"rendered":"\n<p>El presidente Alberto Fern\u00e1ndez encabez\u00f3 este mediod\u00eda, en el municipio bonaerense de Lomas de Zamora, la entrega de m\u00f3viles policiales en el marco del Programa de Fortalecimiento de la Seguridad para la provincia de Buenos Aires.<\/p>\n\n\n\n<p>\u201cCuando invertimos en seguridad estamos invirtiendo en los que menos tienen para que la Argentina tenga un mejor estado de derecho\u201d, expres\u00f3 el mandatario que estuvo acompa\u00f1ado por el jefe de Gabinete, Santiago Cafiero; la ministra de Seguridad, Sabina Frederic; el gobernador bonaerense, Axel Kicillof; el titular de la cartera de Seguridad provincial, Sergio Berni; y el intendente de Lomas de Zamora, Mart\u00edn Insaurralde. Participaron tambi\u00e9n del acto los ministros del Interior, Eduardo de Pedro; y de Obras P\u00fablicas, Gabriel Katopodis e intendentes de 15 partidos bonaerenses.<\/p>\n\n\n\n<p>\u201cEn ese estado de derecho la seguridad es un tema complejo que abarca muchas facetas que nos obligan a esmerarnos para tener elementos para combatir la delincuencia\u201d, asegur\u00f3 el jefe de Estado al tiempo que expres\u00f3: \u201cLa primera v\u00edctima de la delincuencia es el ciudadano m\u00e1s humilde, y un estado de derecho debe garantizar que ese ciudadano pueda movilizarse con seguridad y sin temores\u201d.<\/p>\n\n\n\n<p>En ese sentido, el Presidente explic\u00f3 que \u201clas penas en el estado de derecho deben ser cumplidas de modo tal que quien las cumpla pueda finalmente reinsertarse a la vida social, por eso que la Justicia funcione va a permitir las condenas en tiempo y forma\u201d.<\/p>\n\n\n\n<figure class=\"wp-block-image size-large\"><img decoding=\"async\" src=\"http:\/\/esreviral.com\/wp-content\/uploads\/2020\/10\/ECO_6900-1024x683.jpg\" alt=\"\" class=\"wp-image-1124\"\/><\/figure>\n\n\n\n<p>En tanto, el gobernador bonaerense se\u00f1al\u00f3: \u201cEstos son hechos reales que les van a cambiar la vida a los vecinos de Buenos Aires\u201d, a la vez que record\u00f3 que \u201cen septiembre anunciamos uno de los planes m\u00e1s grandes de los que se tenga memoria, que implicaba 2 mil nuevos m\u00f3viles para la provincia, el arreglo y la refacci\u00f3n de 96 comisar\u00edas, la construcci\u00f3n de 5 mil plazas penitenciarias, y la incorporaci\u00f3n de fuerzas federales en el territorio\u201d.<\/p>\n\n\n\n<p>Y agreg\u00f3: \u201cRecibimos tierra arrasada en el terreno del equipamiento de las fuerzas, y en el plano salarial con un atraso muy grande. Por todo eso, se necesitaban estas inmensas inversiones que hoy estamos llevando adelante, y las medidas que hoy estamos tomando con cada uno de los intendentes de la provincia\u201d.<\/p>\n\n\n\n<p>Por su parte, el intendente local, quien entreg\u00f3 junto al empresario Alfredo Coto 1.800 \u00f3rdenes de compra para supermercados, por 10 mil pesos, a efectivos de la polic\u00eda de Lomas de Zamora, afirm\u00f3: \u201cImplementamos pol\u00edticas p\u00fablicas que vinimos so\u00f1ando, planificando y logrando en conjunto, porque entendemos la importancia de trabajar todos juntos\u201d, y asegur\u00f3: \u201cEn materia de seguridad hab\u00eda que reconstruir toda una fuerza policial, darle incentivos, capacitarla, darle log\u00edstica, y para eso hac\u00eda falta mucha inversi\u00f3n\u201d.<\/p>\n\n\n\n<p>Durante el acto, adem\u00e1s, se firm\u00f3 el convenio de adhesi\u00f3n municipal al Programa de Naciones Unidas para el Desarrollo, \u201cM\u00e1s trabajo, menos reincidencia\u201d, mediante el cual Lomas de Zamora crear\u00e1 la Direcci\u00f3n de Inclusi\u00f3n Social de Liberados, con el fin de incluir en el plan Potenciar a los vecinos que obtengan su libertad.<\/p>\n\n\n\n<p>El Programa de Fortalecimiento de la Seguridad del Gobierno nacional implic\u00f3 m\u00e1s que duplicar los m\u00f3viles policiales de 150 patrullas iniciales a las 350 actuales; incorporar y capacitar 100 efectivos; la implementaci\u00f3n de mayor tecnolog\u00eda con nuevas c\u00e1maras, alarmas, equipamiento, chalecos antibalas y anillos digitales para la detecci\u00f3n de patentes.<\/p>\n\n\n\n<p>Tambi\u00e9n se construy\u00f3 una alcaid\u00eda en Santa Catalina con capacidad para albergar a 400 personas; y se encuentran en obra la Unidad Penitenciaria 58, que ser\u00e1 inaugurada en diciembre y tendr\u00e1 espacio para 500 presos, y un centro de operaciones que brindar\u00e1 190 puestos de trabajo.<\/p>\n\n\n\n<p class=\"has-text-align-right\"><strong><em>Prensa Casa Rosada.-<\/em><\/strong><\/p>\n\n\n\n<figure class=\"wp-block-image size-large\"><img decoding=\"async\" src=\"http:\/\/esreviral.com\/wp-content\/uploads\/2020\/10\/ECO_7460-1024x683.jpg\" alt=\"\" class=\"wp-image-1125\"\/><\/figure>\n","protected":false},"excerpt":{"rendered":"<p>El Programa de Fortalecimiento de la Seguridad del Gobierno nacional implic\u00f3 m\u00e1s que duplicar los m\u00f3viles policiales de 150 patrullas iniciales a las 350 actuales; incorporar y capacitar 100 efectivos; la implementaci\u00f3n de mayor tecnolog\u00eda con nuevas c\u00e1maras, alarmas, equipamiento, chalecos antibalas y anillos digitales para la detecci\u00f3n de patentes<\/p>\n","protected":false},"author":2,"featured_media":1123,"comment_status":"open","ping_status":"open","sticky":false,"template":"","format":"standard","meta":{"jnews-multi-image_gallery":[],"jnews_single_post":[],"jnews_primary_category":[],"jnews_social_meta":[],"jnews_review":[],"enable_review":"","type":"","name":"","summary":"","brand":"","sku":"","good":[],"bad":[],"score_override":"","override_value":"","rating":[],"price":[],"jnews_override_counter":[],"jnews_post_split":[],"footnotes":""},"categories":[58],"tags":[86,44,78,175],"class_list":["post-1122","post","type-post","status-publish","format-standard","has-post-thumbnail","hentry","category-argentina","tag-alberto-fernandez","tag-argentina","tag-policia","tag-seguridad"],"amp_enabled":true,"_links":{"self":[{"href":"https:\/\/esreviral.com\/index.php?rest_route=\/wp\/v2\/posts\/1122"}],"collection":[{"href":"https:\/\/esreviral.com\/index.php?rest_route=\/wp\/v2\/posts"}],"about":[{"href":"https:\/\/esreviral.com\/index.php?rest_route=\/wp\/v2\/types\/post"}],"author":[{"embeddable":true,"href":"https:\/\/esreviral.com\/index.php?rest_route=\/wp\/v2\/users\/2"}],"replies":[{"embeddable":true,"href":"https:\/\/esreviral.com\/index.php?rest_route=%2Fwp%2Fv2%2Fcomments&post=1122"}],"version-history":[{"count":0,"href":"https:\/\/esreviral.com\/index.php?rest_route=\/wp\/v2\/posts\/1122\/revisions"}],"wp:featuredmedia":[{"embeddable":true,"href":"https:\/\/esreviral.com\/index.php?rest_route=\/"}],"wp:attachment":[{"href":"https:\/\/esreviral.com\/index.php?rest_route=%2Fwp%2Fv2%2Fmedia&parent=1122"}],"wp:term":[{"taxonomy":"category","embeddable":true,"href":"https:\/\/esreviral.com\/index.php?rest_route=%2Fwp%2Fv2%2Fcategories&post=1122"},{"taxonomy":"post_tag","embeddable":true,"href":"https:\/\/esreviral.com\/index.php?rest_route=%2Fwp%2Fv2%2Ftags&post=1122"}],"curies":[{"name":"wp","href":"https:\/\/api.w.org\/{rel}","templated":true}]}}