{"id":11190,"date":"2021-10-08T12:41:28","date_gmt":"2021-10-08T15:41:28","guid":{"rendered":"http:\/\/esreviral.com\/?p=11190"},"modified":"2021-10-08T12:41:28","modified_gmt":"2021-10-08T15:41:28","slug":"rosines-chavez-volvio-a-venezuela-y-reaparecio-con-diosdado","status":"publish","type":"post","link":"https:\/\/esreviral.com\/?p=11190","title":{"rendered":"Rosin\u00e9s Ch\u00e1vez volvi\u00f3 a Venezuela y reapareci\u00f3 con Diosdado"},"content":{"rendered":"\n<p>Rosin\u00e9s, la hija menor del fallecido presidente Hugo Ch\u00e1vez, regres\u00f3 a Venezuela, aunque\u00a0<strong>se desconoce la fecha en la que arrib\u00f3 al pa\u00eds<\/strong>. La joven apareci\u00f3 el jueves en un acto de campa\u00f1a en la ciudad de Barquisimeto, en el estado Lara y se desconoce si es definitivo su retorno a la naci\u00f3n.<\/p>\n\n\n\n<p>Llevaba puesta la popular franela de&nbsp;<strong>\u201clos ojitos de Ch\u00e1vez\u201d<\/strong>&nbsp;y una gorra en apoyo a Adolfo Pereira, gobernador y candidato a la reelecci\u00f3n en Lara.<\/p>\n\n\n\n<p>Estuvo acompa\u00f1ada de\u00a0<strong>Diosdado Cabello<\/strong>, primer vicepresidente del Partido Socialista Unido de Venezuela, y de\u00a0<strong>Nicol\u00e1s Maduro Guerra<\/strong>, diputado a la Asamblea Nacional electa en 2020. En el mitin se jurament\u00f3 el Comando de Campa\u00f1a Arist\u00f3bulo Ist\u00fariz para las elecciones de alcaldes y gobernadores del 21 de noviembre.<\/p>\n\n\n\n<figure class=\"wp-block-image\" id=\"attachment_761266\"><img decoding=\"async\" src=\"https:\/\/cdn.elnacional.com\/wp-content\/uploads\/2021\/10\/rosines-chavez-.jpg\" alt=\"\" class=\"wp-image-761266\"\/><figcaption>@nicmaduroguerra<\/figcaption><\/figure>\n\n\n\n<p>\u201cEsa es Rosin\u00e9s,&nbsp;<strong>la hija de nuestro comandante Ch\u00e1vez<\/strong>, dijo presente en Barquisimeto. Nosotros Venceremos\u201d, manifest\u00f3 Cabello en su cuenta de&nbsp;<a href=\"https:\/\/twitter.com\/dcabellor\/status\/1446260541467549698\">Twitter<\/a>, en la que difundi\u00f3 una foto en la que aparecen ambos sonrientes.<\/p>\n\n\n\n<p>\u201cSeguiremos venciendo\u201d, respondi\u00f3 la joven en esa red social.<\/p>\n\n\n\n<p class=\"has-text-align-right\"><strong><em>El Nacional.-<\/em><\/strong><\/p>\n","protected":false},"excerpt":{"rendered":"<p>Rosin\u00e9s, la hija menor del fallecido presidente Hugo Ch\u00e1vez, regres\u00f3 a Venezuela, aunque\u00a0se desconoce la fecha en la que arrib\u00f3 al pa\u00eds. La joven apareci\u00f3 el jueves en un acto de campa\u00f1a en la ciudad de Barquisimeto, en el estado Lara y se desconoce si es definitivo su retorno a la naci\u00f3n. Llevaba puesta la [&hellip;]<\/p>\n","protected":false},"author":2,"featured_media":11191,"comment_status":"open","ping_status":"open","sticky":false,"template":"","format":"standard","meta":{"jnews-multi-image_gallery":[],"jnews_single_post":[],"jnews_primary_category":[],"jnews_social_meta":[],"jnews_review":[],"enable_review":"","type":"","name":"","summary":"","brand":"","sku":"","good":[],"bad":[],"score_override":"","override_value":"","rating":[],"price":[],"jnews_override_counter":[],"jnews_post_split":[],"footnotes":""},"categories":[66],"tags":[381,45,56],"class_list":["post-11190","post","type-post","status-publish","format-standard","has-post-thumbnail","hentry","category-venezuela","tag-diosdado-cabello","tag-noticias","tag-venezuela"],"amp_enabled":true,"_links":{"self":[{"href":"https:\/\/esreviral.com\/index.php?rest_route=\/wp\/v2\/posts\/11190"}],"collection":[{"href":"https:\/\/esreviral.com\/index.php?rest_route=\/wp\/v2\/posts"}],"about":[{"href":"https:\/\/esreviral.com\/index.php?rest_route=\/wp\/v2\/types\/post"}],"author":[{"embeddable":true,"href":"https:\/\/esreviral.com\/index.php?rest_route=\/wp\/v2\/users\/2"}],"replies":[{"embeddable":true,"href":"https:\/\/esreviral.com\/index.php?rest_route=%2Fwp%2Fv2%2Fcomments&post=11190"}],"version-history":[{"count":0,"href":"https:\/\/esreviral.com\/index.php?rest_route=\/wp\/v2\/posts\/11190\/revisions"}],"wp:featuredmedia":[{"embeddable":true,"href":"https:\/\/esreviral.com\/index.php?rest_route=\/"}],"wp:attachment":[{"href":"https:\/\/esreviral.com\/index.php?rest_route=%2Fwp%2Fv2%2Fmedia&parent=11190"}],"wp:term":[{"taxonomy":"category","embeddable":true,"href":"https:\/\/esreviral.com\/index.php?rest_route=%2Fwp%2Fv2%2Fcategories&post=11190"},{"taxonomy":"post_tag","embeddable":true,"href":"https:\/\/esreviral.com\/index.php?rest_route=%2Fwp%2Fv2%2Ftags&post=11190"}],"curies":[{"name":"wp","href":"https:\/\/api.w.org\/{rel}","templated":true}]}}