{"id":11187,"date":"2021-10-08T11:27:08","date_gmt":"2021-10-08T14:27:08","guid":{"rendered":"http:\/\/esreviral.com\/?p=11187"},"modified":"2021-10-08T11:27:08","modified_gmt":"2021-10-08T14:27:08","slug":"crisis-en-peru-castillo-cambia-a-7-ministros-en-menos-de-2-meses-de-gestion","status":"publish","type":"post","link":"https:\/\/esreviral.com\/?p=11187","title":{"rendered":"Crisis en Per\u00fa: Castillo cambia a 7 ministros en menos de 2 meses de gesti\u00f3n"},"content":{"rendered":"\n<p>No han pasado dos meses desde que Pedro Castillo tom\u00f3 el poder en Per\u00fa, luego de unas pol\u00e9micas elecciones en las que obtuvo una m\u00ednima ventaja frente a Keiko Fujimori. <\/p>\n\n\n\n<p>Desde el inicio, su gabinete fue cuestionado. D\u00edas atr\u00e1s pidi\u00f3 la renuncia de su primer ministro o jefe de gabinete, Guido Bellido, n dirigente de extrema izquierda, mis\u00f3gino, hom\u00f3fobo, sin experiencia pol\u00edtica y de probada ineficacia en su breve gesti\u00f3n, Castillo desplaz\u00f3 de un plumazo a otros seis de los 19 ministros de gobierno.<\/p>\n\n\n\n<p>Ahora le dio m\u00e1s cabida a las mujeres con la incorporaci\u00f3n de Mirtha V\u00e1squez, abogada, expresidenta del Congreso, activista ambientalista y de derechos humanos, quien encabezar\u00e1 los ministerios. <\/p>\n\n\n\n<p>Su designaci\u00f3n representa un gui\u00f1o del presidente al ala moderada de la coalici\u00f3n de izquierda que lo respalda en el fr\u00e1gil gobierno que tiene por delante hasta 2026.\u00bbPor Dios, por este pa\u00eds de mujeres y hombres que todos los d\u00edas luchan por vivir con dignidad, sin discriminaci\u00f3n, y que promueven reales cambios: \u00a1S\u00ed, juro!\u00bb, dijo la nueva jefa del gabinete ministerial.<\/p>\n","protected":false},"excerpt":{"rendered":"<p>Ahora su jefa de gabinete es mujer y es la ant\u00edtesis de lo que fue su antecesor<\/p>\n","protected":false},"author":2,"featured_media":11188,"comment_status":"open","ping_status":"open","sticky":false,"template":"","format":"standard","meta":{"jnews-multi-image_gallery":[],"jnews_single_post":[],"jnews_primary_category":[],"jnews_social_meta":[],"jnews_review":[],"enable_review":"","type":"","name":"","summary":"","brand":"","sku":"","good":[],"bad":[],"score_override":"","override_value":"","rating":[],"price":[],"jnews_override_counter":[],"jnews_post_split":[],"footnotes":""},"categories":[88,59],"tags":[45,901,232,431],"class_list":["post-11187","post","type-post","status-publish","format-standard","has-post-thumbnail","hentry","category-internacionales","category-politica","tag-noticias","tag-pedro-castillo","tag-peru","tag-politica-2"],"amp_enabled":true,"_links":{"self":[{"href":"https:\/\/esreviral.com\/index.php?rest_route=\/wp\/v2\/posts\/11187"}],"collection":[{"href":"https:\/\/esreviral.com\/index.php?rest_route=\/wp\/v2\/posts"}],"about":[{"href":"https:\/\/esreviral.com\/index.php?rest_route=\/wp\/v2\/types\/post"}],"author":[{"embeddable":true,"href":"https:\/\/esreviral.com\/index.php?rest_route=\/wp\/v2\/users\/2"}],"replies":[{"embeddable":true,"href":"https:\/\/esreviral.com\/index.php?rest_route=%2Fwp%2Fv2%2Fcomments&post=11187"}],"version-history":[{"count":0,"href":"https:\/\/esreviral.com\/index.php?rest_route=\/wp\/v2\/posts\/11187\/revisions"}],"wp:featuredmedia":[{"embeddable":true,"href":"https:\/\/esreviral.com\/index.php?rest_route=\/"}],"wp:attachment":[{"href":"https:\/\/esreviral.com\/index.php?rest_route=%2Fwp%2Fv2%2Fmedia&parent=11187"}],"wp:term":[{"taxonomy":"category","embeddable":true,"href":"https:\/\/esreviral.com\/index.php?rest_route=%2Fwp%2Fv2%2Fcategories&post=11187"},{"taxonomy":"post_tag","embeddable":true,"href":"https:\/\/esreviral.com\/index.php?rest_route=%2Fwp%2Fv2%2Ftags&post=11187"}],"curies":[{"name":"wp","href":"https:\/\/api.w.org\/{rel}","templated":true}]}}