{"id":11183,"date":"2021-10-08T11:17:53","date_gmt":"2021-10-08T14:17:53","guid":{"rendered":"http:\/\/esreviral.com\/?p=11183"},"modified":"2021-10-08T11:17:53","modified_gmt":"2021-10-08T14:17:53","slug":"exdirector-tecnico-de-la-vinotinto-femenino-dice-ser-victima-y-haber-sufrido-danos-psicologicos-por-las-jugadoras","status":"publish","type":"post","link":"https:\/\/esreviral.com\/?p=11183","title":{"rendered":"Exdirector t\u00e9cnico de la vinotinto femenino dice ser v\u00edctima y haber sufrido da\u00f1os psicol\u00f3gicos por las jugadoras"},"content":{"rendered":"\n<p>Tras el pol\u00e9mico comunicado emitido por las jugadoras de la selecci\u00f3n venezolana de f\u00fatbol, <a href=\"https:\/\/esreviral.com\/2021\/10\/05\/jugadoras-de-la-vinotinto-denuncian-abusos-sexuales-por-parte-del-exdirector-tecnico\/\">donde acusan al exdirector t\u00e9nico, Kenneth Zseremeta, de abusos sexuales, verbales y psicol\u00f3gicos, el paname\u00f1o rompi\u00f3 el silencio y sali\u00f3 al paso en una carta p\u00fablica. <\/a><\/p>\n\n\n\n<p>\u201c<strong>Un objetivo flagrante de la obstrucci\u00f3n laboral, deterioro psicol\u00f3gico y generar en las sociedades como un acto de compasi\u00f3n, repudio, estereotipo y criminal, con la desmedida forma de destrucci\u00f3n de mi carrera profesional\u201d, explic\u00f3 Zseremeta en su carta.<\/strong><\/p>\n\n\n\n<p>Afirma que no hay dudas de su  \u201ccapacidad t\u00e9cnica y profesional\u201d tras la denuncia de las Vinotinto. Adem\u00e1s asegura que\u00a0<strong>\u201cesto ha causado perder las oportunidades laborales, las cuales me han causado un da\u00f1o psicol\u00f3gico y econ\u00f3mico\u201d.<\/strong><\/p>\n\n\n\n<p>Lea tambi\u00e9n: <a href=\"https:\/\/esreviral.com\/2021\/10\/05\/quien-es-kenneth-zseremeta-el-director-tecnico-acusado-por-las-jugadoras-de-la-vinotinto-de-abuso-sexual\/\">QUI\u00c9N ES KENNETH ZSEREMETA, EL DIRECTOR T\u00c9CNICO, ACUSADO POR LAS JUGADORAS DE LA VINOTINTO DE ABUSO SEXUAL<\/a><\/p>\n\n\n\n<figure class=\"wp-block-image size-large\"><img decoding=\"async\" src=\"https:\/\/pbs.twimg.com\/media\/FBJZ5DtX0AAc9NA?format=png&amp;name=large\" alt=\"\"\/><\/figure>\n\n\n\n<figure class=\"wp-block-image size-large\"><img decoding=\"async\" src=\"https:\/\/pbs.twimg.com\/media\/FBJZ5DuWYAAeZu6?format=png&amp;name=4096x4096\" alt=\"\"\/><\/figure>\n","protected":false},"excerpt":{"rendered":"<p>Rompi\u00f3 el silencio a trav\u00e9s de un comunicado p\u00fablic<\/p>\n","protected":false},"author":2,"featured_media":11185,"comment_status":"open","ping_status":"open","sticky":false,"template":"","format":"standard","meta":{"jnews-multi-image_gallery":[],"jnews_single_post":[],"jnews_primary_category":[],"jnews_social_meta":[],"jnews_review":[],"enable_review":"","type":"","name":"","summary":"","brand":"","sku":"","good":[],"bad":[],"score_override":"","override_value":"","rating":[],"price":[],"jnews_override_counter":[],"jnews_post_split":[],"footnotes":""},"categories":[68],"tags":[398,726,45,91],"class_list":["post-11183","post","type-post","status-publish","format-standard","has-post-thumbnail","hentry","category-sin-categoria","tag-abuso-sexual","tag-denuncia","tag-noticias","tag-vinotinto"],"amp_enabled":true,"_links":{"self":[{"href":"https:\/\/esreviral.com\/index.php?rest_route=\/wp\/v2\/posts\/11183"}],"collection":[{"href":"https:\/\/esreviral.com\/index.php?rest_route=\/wp\/v2\/posts"}],"about":[{"href":"https:\/\/esreviral.com\/index.php?rest_route=\/wp\/v2\/types\/post"}],"author":[{"embeddable":true,"href":"https:\/\/esreviral.com\/index.php?rest_route=\/wp\/v2\/users\/2"}],"replies":[{"embeddable":true,"href":"https:\/\/esreviral.com\/index.php?rest_route=%2Fwp%2Fv2%2Fcomments&post=11183"}],"version-history":[{"count":0,"href":"https:\/\/esreviral.com\/index.php?rest_route=\/wp\/v2\/posts\/11183\/revisions"}],"wp:featuredmedia":[{"embeddable":true,"href":"https:\/\/esreviral.com\/index.php?rest_route=\/"}],"wp:attachment":[{"href":"https:\/\/esreviral.com\/index.php?rest_route=%2Fwp%2Fv2%2Fmedia&parent=11183"}],"wp:term":[{"taxonomy":"category","embeddable":true,"href":"https:\/\/esreviral.com\/index.php?rest_route=%2Fwp%2Fv2%2Fcategories&post=11183"},{"taxonomy":"post_tag","embeddable":true,"href":"https:\/\/esreviral.com\/index.php?rest_route=%2Fwp%2Fv2%2Ftags&post=11183"}],"curies":[{"name":"wp","href":"https:\/\/api.w.org\/{rel}","templated":true}]}}