{"id":11170,"date":"2021-10-07T16:01:45","date_gmt":"2021-10-07T19:01:45","guid":{"rendered":"http:\/\/esreviral.com\/?p=11170"},"modified":"2021-10-07T16:01:45","modified_gmt":"2021-10-07T19:01:45","slug":"centro-mas-salud-realizara-jornada-medica-especial-y-una-bailoterapia-rosa-por-el-mes-de-la-la-lucha-contra-el-cancer-de-seno","status":"publish","type":"post","link":"https:\/\/esreviral.com\/?p=11170","title":{"rendered":"Centro M\u00e1s Salud realizar\u00e1 jornada m\u00e9dica especial y una bailoterapia rosa por el mes de la la lucha contra el c\u00e1ncer de seno"},"content":{"rendered":"\n<p><strong><em>CIS.- <\/em><\/strong>Una vez m\u00e1s el Centro M\u00e1s Salud organizar\u00e1 un actividad especial en pro de la comunidad migrante y mujeres en general, ya que, octubre es el mes del c\u00e1ncer de seno. <\/p>\n\n\n\n<p>Para ello, est\u00e1 organizando una bailoterapia, la cual se realizar\u00e1 el pr\u00f3ximo s\u00e1bado 23 de octubre a partir de las 04:00 p.m., en el Parque Rivadavia, la cual ser\u00e1 impartida por la profesora de zumba, Mariv\u00e9 Montiel. Adem\u00e1s contar\u00e1n con la participaci\u00f3n de Tambor Palenke, inform\u00f3 la directora del centro, Marbella Sibada. <\/p>\n\n\n\n<p>Ser\u00e1 totalmente gratuita, los participantes s\u00f3lo deben ir vestidos de color rosa, que es el de la lucha contra el c\u00e1ncer de seno en el mundo. \u00abAdem\u00e1s estaremos donando cinco turnos para hacerse una mamograf\u00eda y ecograf\u00eda gratis\u00bb. <\/p>\n\n\n\n<p>Pero aunado a ello, Sibada inform\u00f3 que el lunes 18 habr\u00e1 una jornada especial de ex\u00e1menes para las damas, \u00abtendremos una oferta especial; y es que, por tan s\u00f3lo 2500 pesos podr\u00e1n hacerse una mamograf\u00eda y una ecograf\u00eda\u00bb. <\/p>\n\n\n\n<p>Sibada, coment\u00f3 que la idea es colaborar con las mujeres y ayudarlas a prevenir este c\u00e1ncer, el cual seg\u00fan cifras oficiales, anualmente en Argentina se registran hasta 5800 muertes. <\/p>\n\n\n\n<p>Quienes deseen agendar, pueden hacerlo a trav\u00e9s del IG <a href=\"https:\/\/www.instagram.com\/centromasalud\/?hl=es-la\">@centromassalud<\/a> o por whatsaap +54 9 11 3559-4304<\/p>\n","protected":false},"excerpt":{"rendered":"<p>Quienes deseen agendar, pueden hacerlo a trav\u00e9s del IG @centromassalud o por whatsaap +54 9 11 3559-4304<\/p>\n","protected":false},"author":2,"featured_media":11171,"comment_status":"open","ping_status":"open","sticky":false,"template":"","format":"standard","meta":{"jnews-multi-image_gallery":[],"jnews_single_post":[],"jnews_primary_category":[],"jnews_social_meta":[],"jnews_review":[],"enable_review":"","type":"","name":"","summary":"","brand":"","sku":"","good":[],"bad":[],"score_override":"","override_value":"","rating":[],"price":[],"jnews_override_counter":[],"jnews_post_split":[],"footnotes":""},"categories":[84],"tags":[1216,1217,45,85],"class_list":["post-11170","post","type-post","status-publish","format-standard","has-post-thumbnail","hentry","category-salud","tag-bailoterapia","tag-cancer-de-seno","tag-noticias","tag-salud"],"amp_enabled":true,"_links":{"self":[{"href":"https:\/\/esreviral.com\/index.php?rest_route=\/wp\/v2\/posts\/11170"}],"collection":[{"href":"https:\/\/esreviral.com\/index.php?rest_route=\/wp\/v2\/posts"}],"about":[{"href":"https:\/\/esreviral.com\/index.php?rest_route=\/wp\/v2\/types\/post"}],"author":[{"embeddable":true,"href":"https:\/\/esreviral.com\/index.php?rest_route=\/wp\/v2\/users\/2"}],"replies":[{"embeddable":true,"href":"https:\/\/esreviral.com\/index.php?rest_route=%2Fwp%2Fv2%2Fcomments&post=11170"}],"version-history":[{"count":0,"href":"https:\/\/esreviral.com\/index.php?rest_route=\/wp\/v2\/posts\/11170\/revisions"}],"wp:featuredmedia":[{"embeddable":true,"href":"https:\/\/esreviral.com\/index.php?rest_route=\/"}],"wp:attachment":[{"href":"https:\/\/esreviral.com\/index.php?rest_route=%2Fwp%2Fv2%2Fmedia&parent=11170"}],"wp:term":[{"taxonomy":"category","embeddable":true,"href":"https:\/\/esreviral.com\/index.php?rest_route=%2Fwp%2Fv2%2Fcategories&post=11170"},{"taxonomy":"post_tag","embeddable":true,"href":"https:\/\/esreviral.com\/index.php?rest_route=%2Fwp%2Fv2%2Ftags&post=11170"}],"curies":[{"name":"wp","href":"https:\/\/api.w.org\/{rel}","templated":true}]}}