{"id":11120,"date":"2021-10-06T12:59:31","date_gmt":"2021-10-06T15:59:31","guid":{"rendered":"http:\/\/esreviral.com\/?p=11120"},"modified":"2021-10-06T12:59:31","modified_gmt":"2021-10-06T15:59:31","slug":"mas-de-5-toneladas-de-marihuana-fueron-incineradas-en-la-ciudad-buenos-aires","status":"publish","type":"post","link":"https:\/\/esreviral.com\/?p=11120","title":{"rendered":"M\u00e1s de 5 toneladas de marihuana fueron incineradas en la Ciudad Buenos Aires"},"content":{"rendered":"\n<figure class=\"wp-block-table\"><table><tbody><tr><td><\/td><\/tr><\/tbody><\/table><\/figure>\n\n\n\n<figure class=\"wp-block-table\"><table><tbody><tr><td>El jefe de Gobierno porte\u00f1o, Horacio Rodr\u00edguez Larreta, particip\u00f3 de la quema de m\u00e1s de cinco toneladas de marihuana incautadas en el Operativo Cardales de marzo pasado, cuando un cami\u00f3n procedente de Brasil fue detectado en esa localidad de la provincia de Buenos Aires con la sospecha de que podr\u00eda trasladar droga.<br>\u201cCada uno de estos ladrillos de droga no est\u00e1 en la calle, no termina arruinando la vida a un chico, a una familia\u201d, sostuvo Rodr\u00edguez Larreta.<br>Acompa\u00f1ado por el jefe de Gabinete, Felipe Miguel, y el ministro de Justicia y Seguridad, Marcelo D\u2019Allessandro, el Jefe de Gobierno porte\u00f1o destac\u00f3 que \u201cnosotros decidimos hace algunos a\u00f1os asumir la responsabilidad de todo el control del narcotr\u00e1fico, era una responsabilidad federal que asumimos desde la Ciudad\u201d.<br>En ese contexto, asegur\u00f3 que la lucha contra el narcotr\u00e1fico \u201ces uno de los principales temas que hacen a la seguridad en la Ciudad de Buenos Aires, por eso cada vez que podemos hacer estas quemas, es un avance enorme\u201d.<br>\u201cSeguro nos queda mucho camino para recorrer, pero el de hoy es un paso m\u00e1s que estamos dando en la lucha contra el narcotr\u00e1fico en la Ciudad de Buenos Aires\u201d, afirm\u00f3 Rodr\u00edguez Larreta.<\/td><\/tr><\/tbody><\/table><\/figure>\n\n\n\n<figure class=\"wp-block-image size-large\"><img decoding=\"async\" src=\"https:\/\/ci5.googleusercontent.com\/proxy\/_nuab9Fr3W0hUwWs2jIx5k7ACJWafEpd1GdCUYuBbE_A5E9Jn1SElnQtjDjlrZ6t0a7YRe3PK9SQSwg-n-o5b3NOk_zI9boFDlwsVU8oOR3RSt2ZngDqmj4RerL4GbCB-igL58tsTsbmVwB4BC4p6KguOhSt81TfvHuG8P4k8TPoYA=s0-d-e1-ft#https:\/\/app2.dopplerfiles.com\/Users\/160762\/Campaigns\/11889686\/Rodr%C3%ADguez_Larreta-Quema_de_droga_6-10-21_(3).jpg\" alt=\"\"\/><figcaption>El alcalde particip\u00f3 en la destrucci\u00f3n de la droga<\/figcaption><\/figure>\n\n\n\n<p>En tanto, Miguel remarc\u00f3 que \u201cesta droga no va a arruinarle la vida a nadie. No va a estar circulando en los barrios, en las plazas o en los boliches. No va a llegar a las manos de ning\u00fan chico. No va a destruir a ninguna familia. Y esta quema es el resultado del esfuerzo de los \u00faltimos a\u00f1os, de la mano de Diego (Santilli), de la mano de Marcelo, de la Polic\u00eda de la Ciudad\u201d.<br>El jefe de Gabinete porte\u00f1o se\u00f1al\u00f3 adem\u00e1s que \u201ces la prueba de que con pol\u00edticas p\u00fablicas sostenidas en el tiempo, con el compromiso, se pueden lograr resultados reales\u201d, y que \u201cen lo que va del a\u00f1o ya se desmantelaron 38 b\u00fankers\u201d.<br>En tanto, D\u2019Alessandro detall\u00f3 que \u201cen lo que va del a\u00f1o, decomisamos m\u00e1s de 50 kilos de coca\u00edna, m\u00e1s de 1.500 pastillas de \u00e9xtasis, casi 8 mil kilos de marihuana, y esto es el resultado de una lucha irrestricta que tenemos contra el narcotr\u00e1fico\u201d.<\/p>\n\n\n\n<figure class=\"wp-block-image size-large\"><img decoding=\"async\" src=\"https:\/\/ci4.googleusercontent.com\/proxy\/9Egekk9NEigP3qhCTdHfCCMUPRcUJPZNB4aEw-nApN9wQiZ6WqXf_q99WAmzCnXlugeJVnTDka4HLfiulWeeNM-104kos1GjfZWaeZx9XOIjc_-N5JGkut18N_xuVOQcmy29Ij9Xd_Cj5-YX51O8CbeZovMvUnMwbvKFQM0CPyjRxg=s0-d-e1-ft#https:\/\/app2.dopplerfiles.com\/Users\/160762\/Campaigns\/11889686\/Rodr%C3%ADguez_Larreta-Quema_de_droga_6-10-21_(1).jpg\" alt=\"\"\/><\/figure>\n\n\n\n<p>En marzo de este a\u00f1o, se detect\u00f3 un cami\u00f3n de marca Volvo y con procedencia de Brasil con una carga que no estaba debidamente registrada en el sistema inform\u00e1tico de control y contaba con documentaci\u00f3n aduanera falsa.<br>La principal sospecha fue entonces que el cami\u00f3n podr\u00eda estar realizando un traslado de droga, y por ese motivo se mont\u00f3 un operativo controlado de vigilancia desde Misiones para identificar el lugar de descarga.<br>Durante el recorrido, el chofer sospech\u00f3 que estaba siendo vigilado y comenz\u00f3 a realizar maniobras evasivas. Tras un seguimiento de m\u00e1s de mil kil\u00f3metros, el cami\u00f3n lleg\u00f3 al kil\u00f3metro 180 de la Ruta Provincial N\u00b06, en la localidad bonaerense de Los Cardales, cuando fue interceptado.<br>Luego de detener la marcha en una zona descampada, el conductor de origen brasile\u00f1o intent\u00f3 escaparse pero la zona ya hab\u00eda sido asegurada y qued\u00f3 detenido. Momentos despu\u00e9s, se inspeccion\u00f3 el veh\u00edculo y se encontraron m\u00e1s de 5 toneladas de marihuana.<br>Ante esta situaci\u00f3n, el Juzgado Nacional en lo Criminal N\u00b0 4, a cargo del doctor Ariel Lijo, secretar\u00eda N\u00b0 del doctor Arce, pidi\u00f3 la detenci\u00f3n del conductor por infracci\u00f3n a la Ley Nacional de Drogas (N\u00b0 23.737) y orden\u00f3 el secuestro de la sustancia ilegal para que sea destruida.<\/p>\n\n\n\n<figure class=\"wp-block-embed-youtube wp-block-embed is-type-video is-provider-youtube wp-embed-aspect-16-9 wp-has-aspect-ratio\"><div class=\"wp-block-embed__wrapper\">\n<div class=\"jeg_video_container jeg_video_content\"><iframe title=\"Rodr\u00edguez Larreta particip\u00f3 de la quema de m\u00e1s de 5 toneladas de marihuana\" width=\"500\" height=\"281\" src=\"https:\/\/www.youtube.com\/embed\/RtHkY166ViY?feature=oembed\" frameborder=\"0\" allow=\"accelerometer; autoplay; clipboard-write; encrypted-media; gyroscope; picture-in-picture; web-share\" referrerpolicy=\"strict-origin-when-cross-origin\" allowfullscreen><\/iframe><\/div>\n<\/div><\/figure>\n","protected":false},"excerpt":{"rendered":"<p>\u201cCada uno de estos ladrillos de droga no est\u00e1 en la calle, no termina arruinando la vida a un chico, a una familia\u201d,<\/p>\n","protected":false},"author":2,"featured_media":11121,"comment_status":"open","ping_status":"open","sticky":false,"template":"","format":"standard","meta":{"jnews-multi-image_gallery":[],"jnews_single_post":[],"jnews_primary_category":[],"jnews_social_meta":[],"jnews_review":[],"enable_review":"","type":"","name":"","summary":"","brand":"","sku":"","good":[],"bad":[],"score_override":"","override_value":"","rating":[],"price":[],"jnews_override_counter":[],"jnews_post_split":[],"footnotes":""},"categories":[64],"tags":[894,255,45,728],"class_list":["post-11120","post","type-post","status-publish","format-standard","has-post-thumbnail","hentry","category-sucesos","tag-ciudad-de-buenos-aires","tag-marihuana","tag-noticias","tag-rodriguez-larreta-2"],"amp_enabled":true,"_links":{"self":[{"href":"https:\/\/esreviral.com\/index.php?rest_route=\/wp\/v2\/posts\/11120"}],"collection":[{"href":"https:\/\/esreviral.com\/index.php?rest_route=\/wp\/v2\/posts"}],"about":[{"href":"https:\/\/esreviral.com\/index.php?rest_route=\/wp\/v2\/types\/post"}],"author":[{"embeddable":true,"href":"https:\/\/esreviral.com\/index.php?rest_route=\/wp\/v2\/users\/2"}],"replies":[{"embeddable":true,"href":"https:\/\/esreviral.com\/index.php?rest_route=%2Fwp%2Fv2%2Fcomments&post=11120"}],"version-history":[{"count":0,"href":"https:\/\/esreviral.com\/index.php?rest_route=\/wp\/v2\/posts\/11120\/revisions"}],"wp:featuredmedia":[{"embeddable":true,"href":"https:\/\/esreviral.com\/index.php?rest_route=\/"}],"wp:attachment":[{"href":"https:\/\/esreviral.com\/index.php?rest_route=%2Fwp%2Fv2%2Fmedia&parent=11120"}],"wp:term":[{"taxonomy":"category","embeddable":true,"href":"https:\/\/esreviral.com\/index.php?rest_route=%2Fwp%2Fv2%2Fcategories&post=11120"},{"taxonomy":"post_tag","embeddable":true,"href":"https:\/\/esreviral.com\/index.php?rest_route=%2Fwp%2Fv2%2Ftags&post=11120"}],"curies":[{"name":"wp","href":"https:\/\/api.w.org\/{rel}","templated":true}]}}