{"id":10978,"date":"2021-09-30T16:38:07","date_gmt":"2021-09-30T19:38:07","guid":{"rendered":"http:\/\/esreviral.com\/?p=10978"},"modified":"2021-09-30T16:38:07","modified_gmt":"2021-09-30T19:38:07","slug":"la-pobreza-en-argentina-alcanzo-el-406-en-el-primer-semestre-del-ano","status":"publish","type":"post","link":"https:\/\/esreviral.com\/?p=10978","title":{"rendered":"La pobreza en Argentina alcanz\u00f3 el 40,6 % en el primer semestre del a\u00f1o"},"content":{"rendered":"\n<p>El Instituto Nacional de Estad\u00edstica y Censos (Indec) inform\u00f3 este jueves que el \u00edndice de\u00a0pobreza\u00a0fue de\u00a0<strong>40,6%<\/strong>\u00a0en el primer semestre del a\u00f1o, mientras que el nivel de indigencia se ubic\u00f3 en\u00a0<strong>10,7%<\/strong>\u00a0en el mismo per\u00edodo.<\/p>\n\n\n\n<p>\u00abCon respecto al segundo semestre de 2020, la incidencia de la pobreza registr\u00f3 una reducci\u00f3n de 0,4 puntos porcentuales (p.p.) en los hogares y de 1,4 p.p. en las personas. En cambio, en el caso de la indigencia, mostr\u00f3 un aumento de 0,4 p.p. en los hogares y de 0,2 p.p. en las personas\u00bb dijo el INDEC.<\/p>\n\n\n\n<p>Si bien<strong>&nbsp;la actividad econ\u00f3mica creci\u00f3 respecto al 2020<\/strong>, a\u00f1o signado por las mayores restricciones producto de la pandemia por&nbsp;<a href=\"https:\/\/www.clarin.com\/tema\/coronavirus.html\" target=\"_blank\" rel=\"noreferrer noopener\">coronavirus<\/a>, no se vio reflejado en el nuevo informe del organismo.<\/p>\n\n\n\n<p>El<strong>\u00a0semestre anterior la pobreza alcanz\u00f3 el 42%<\/strong>, mientras que el primer semestre del a\u00f1o pasado\u00a0fue del 40,9%. Por su parte, el nivel de indigencia se hab\u00eda mantenido en 10,5% en ambos per\u00edodos.<\/p>\n\n\n\n<p class=\"has-text-align-right\"><strong><em>Clar\u00edn.-<\/em><\/strong><\/p>\n\n\n\n<figure class=\"wp-block-embed-twitter wp-block-embed is-type-rich is-provider-twitter\"><div class=\"wp-block-embed__wrapper\">\n<blockquote class=\"twitter-tweet\" data-width=\"500\" data-dnt=\"true\"><p lang=\"es\" dir=\"ltr\"><a href=\"https:\/\/twitter.com\/hashtag\/DatoINDEC?src=hash&amp;ref_src=twsrc%5Etfw\">#DatoINDEC<\/a><br>En el 1\u00b0 semestre 2021, la pobreza fue de 54,3% entre menores de 15 a\u00f1os; de 48,5% en personas de 15 a 29; de 36,3% en las de 30 a 64; y de 13,8% en mayores de 65 <a href=\"https:\/\/t.co\/y0VRlL7grB\">https:\/\/t.co\/y0VRlL7grB<\/a> <a href=\"https:\/\/t.co\/f7Pgo1P20E\">pic.twitter.com\/f7Pgo1P20E<\/a><\/p>&mdash; INDEC Argentina (@INDECArgentina) <a href=\"https:\/\/twitter.com\/INDECArgentina\/status\/1443652671173443591?ref_src=twsrc%5Etfw\">September 30, 2021<\/a><\/blockquote><script async src=\"https:\/\/platform.twitter.com\/widgets.js\" charset=\"utf-8\"><\/script>\n<\/div><\/figure>\n","protected":false},"excerpt":{"rendered":"<p>El Instituto Nacional de Estad\u00edstica y Censos (Indec) inform\u00f3 este jueves que el \u00edndice de\u00a0pobreza\u00a0fue de\u00a040,6%\u00a0en el primer semestre del a\u00f1o, mientras que el nivel de indigencia se ubic\u00f3 en\u00a010,7%\u00a0en el mismo per\u00edodo. \u00abCon respecto al segundo semestre de 2020, la incidencia de la pobreza registr\u00f3 una reducci\u00f3n de 0,4 puntos porcentuales (p.p.) en los [&hellip;]<\/p>\n","protected":false},"author":2,"featured_media":10979,"comment_status":"open","ping_status":"open","sticky":false,"template":"","format":"standard","meta":{"jnews-multi-image_gallery":[],"jnews_single_post":[],"jnews_primary_category":[],"jnews_social_meta":[],"jnews_review":[],"enable_review":"","type":"","name":"","summary":"","brand":"","sku":"","good":[],"bad":[],"score_override":"","override_value":"","rating":[],"price":[],"jnews_override_counter":[],"jnews_post_split":[],"footnotes":""},"categories":[61],"tags":[44,45,396],"class_list":["post-10978","post","type-post","status-publish","format-standard","has-post-thumbnail","hentry","category-economia","tag-argentina","tag-noticias","tag-pobreza"],"amp_enabled":true,"_links":{"self":[{"href":"https:\/\/esreviral.com\/index.php?rest_route=\/wp\/v2\/posts\/10978"}],"collection":[{"href":"https:\/\/esreviral.com\/index.php?rest_route=\/wp\/v2\/posts"}],"about":[{"href":"https:\/\/esreviral.com\/index.php?rest_route=\/wp\/v2\/types\/post"}],"author":[{"embeddable":true,"href":"https:\/\/esreviral.com\/index.php?rest_route=\/wp\/v2\/users\/2"}],"replies":[{"embeddable":true,"href":"https:\/\/esreviral.com\/index.php?rest_route=%2Fwp%2Fv2%2Fcomments&post=10978"}],"version-history":[{"count":0,"href":"https:\/\/esreviral.com\/index.php?rest_route=\/wp\/v2\/posts\/10978\/revisions"}],"wp:featuredmedia":[{"embeddable":true,"href":"https:\/\/esreviral.com\/index.php?rest_route=\/"}],"wp:attachment":[{"href":"https:\/\/esreviral.com\/index.php?rest_route=%2Fwp%2Fv2%2Fmedia&parent=10978"}],"wp:term":[{"taxonomy":"category","embeddable":true,"href":"https:\/\/esreviral.com\/index.php?rest_route=%2Fwp%2Fv2%2Fcategories&post=10978"},{"taxonomy":"post_tag","embeddable":true,"href":"https:\/\/esreviral.com\/index.php?rest_route=%2Fwp%2Fv2%2Ftags&post=10978"}],"curies":[{"name":"wp","href":"https:\/\/api.w.org\/{rel}","templated":true}]}}