{"id":10973,"date":"2021-09-30T13:36:17","date_gmt":"2021-09-30T16:36:17","guid":{"rendered":"http:\/\/esreviral.com\/?p=10973"},"modified":"2021-09-30T13:36:17","modified_gmt":"2021-09-30T16:36:17","slug":"se-desprendio-ascensor-de-la-embajada-venezolana-en-argentina-no-hubo-heridos-de-gravedad","status":"publish","type":"post","link":"https:\/\/esreviral.com\/?p=10973","title":{"rendered":"Se desprendi\u00f3 ascensor de la embajada venezolana en Argentina, no hubo heridos de gravedad"},"content":{"rendered":"\n<p><strong><em>Carlos Iv\u00e1n Su\u00e1rez.- <\/em><\/strong>Al mediod\u00eda de este jueves, se escuch\u00f3 un fuerte ruido en la sede diplom\u00e1tica de la embajada venezolana, en Luis Mar\u00eda Campos 170 de Buenos Aires, se trataba del ascensor del edificio, el cual se desprendi\u00f3 desde el segundo piso, lo que afortunadamente hizo que la ca\u00edda fuese de menor impacto. <\/p>\n\n\n\n<p>Tres funcionarios: dos femeninas y un masculino estaban dentro de la maquina, quienes resultaron con lesiones leves, nada de gravedad, afortunadamente. Sin embargo, r\u00e1pidamente se dio parte al SAME, quienes enviaron ambulancias, al igual que los bomberos de la Ciudad para verificar que todo estuviese en orden. <\/p>\n\n\n\n<figure class=\"wp-block-image size-large\"><img decoding=\"async\" src=\"https:\/\/esreviral.com\/wp-content\/uploads\/2021\/09\/IMG_4572-768x1024.jpg\" alt=\"\" class=\"wp-image-10975\"\/><figcaption>Una de las afectadas fue la chica que generalmente atiende al p\u00fablico en la puerta<\/figcaption><\/figure>\n\n\n\n<p>Una de las funcionarias afectadas, es la chica que generalmente atiende al p\u00fablico en la calle, quien junto a sus dos compa\u00f1eros fueron derivados a un hospital para hacerles la revisi\u00f3n de rutina y comprobar que todo est\u00e9 bien. <\/p>\n\n\n\n<p>Hasta ahora se desconoce la falla exacta que tuvo el ascensor porque hace dos semanas una empresa le hizo mantenimiento y se estudia la posibilidad que se le demande por lo ocurrido. <\/p>\n\n\n\n<p>Lea tambi\u00e9n: <\/p>\n\n\n\n<p class=\"has-text-align-right\"><\/p>\n\n\n\n<figure class=\"wp-block-image size-large\"><img decoding=\"async\" src=\"https:\/\/esreviral.com\/wp-content\/uploads\/2021\/09\/IMG_4573-768x1024.jpg\" alt=\"\" class=\"wp-image-10976\"\/><\/figure>\n","protected":false},"excerpt":{"rendered":"<p>Tres funcionarios estaban dentro de la maquina, afortunadamente no tuvieron lesiones de gravedad<\/p>\n","protected":false},"author":2,"featured_media":10974,"comment_status":"open","ping_status":"open","sticky":false,"template":"","format":"standard","meta":{"jnews-multi-image_gallery":[],"jnews_single_post":[],"jnews_primary_category":[],"jnews_social_meta":[],"jnews_review":[],"enable_review":"","type":"","name":"","summary":"","brand":"","sku":"","good":[],"bad":[],"score_override":"","override_value":"","rating":[],"price":[],"jnews_override_counter":[],"jnews_post_split":[],"footnotes":""},"categories":[58,54],"tags":[372,45,67],"class_list":["post-10973","post","type-post","status-publish","format-standard","has-post-thumbnail","hentry","category-argentina","category-inmigracion","tag-embajada-de-venezuela-en-argentina","tag-noticias","tag-venezolanos-en-argentina"],"amp_enabled":true,"_links":{"self":[{"href":"https:\/\/esreviral.com\/index.php?rest_route=\/wp\/v2\/posts\/10973"}],"collection":[{"href":"https:\/\/esreviral.com\/index.php?rest_route=\/wp\/v2\/posts"}],"about":[{"href":"https:\/\/esreviral.com\/index.php?rest_route=\/wp\/v2\/types\/post"}],"author":[{"embeddable":true,"href":"https:\/\/esreviral.com\/index.php?rest_route=\/wp\/v2\/users\/2"}],"replies":[{"embeddable":true,"href":"https:\/\/esreviral.com\/index.php?rest_route=%2Fwp%2Fv2%2Fcomments&post=10973"}],"version-history":[{"count":0,"href":"https:\/\/esreviral.com\/index.php?rest_route=\/wp\/v2\/posts\/10973\/revisions"}],"wp:featuredmedia":[{"embeddable":true,"href":"https:\/\/esreviral.com\/index.php?rest_route=\/"}],"wp:attachment":[{"href":"https:\/\/esreviral.com\/index.php?rest_route=%2Fwp%2Fv2%2Fmedia&parent=10973"}],"wp:term":[{"taxonomy":"category","embeddable":true,"href":"https:\/\/esreviral.com\/index.php?rest_route=%2Fwp%2Fv2%2Fcategories&post=10973"},{"taxonomy":"post_tag","embeddable":true,"href":"https:\/\/esreviral.com\/index.php?rest_route=%2Fwp%2Fv2%2Ftags&post=10973"}],"curies":[{"name":"wp","href":"https:\/\/api.w.org\/{rel}","templated":true}]}}