{"id":10916,"date":"2021-09-28T16:59:49","date_gmt":"2021-09-28T19:59:49","guid":{"rendered":"http:\/\/esreviral.com\/?p=10916"},"modified":"2021-09-28T16:59:49","modified_gmt":"2021-09-28T19:59:49","slug":"chile-busca-legalizar-el-aborto-para-las-primeras-14-semanas-de-gestacion","status":"publish","type":"post","link":"https:\/\/esreviral.com\/?p=10916","title":{"rendered":"Chile busca legalizar el aborto para las primeras 14 semanas de gestaci\u00f3n"},"content":{"rendered":"\n<p>El proyecto que despenaliza el aborto, dentro de las primeras 14 semanas de gestaci\u00f3n fue aprobado en general por la C\u00e1mara de Diputadas y Diputados de Chile, con 75 votos a favor, 68 en contra y dos abstenciones, y deber\u00e1 regresar a una comisi\u00f3n para tratar una indicaci\u00f3n que recibi\u00f3 en el tratamiento, por lo que se prev\u00e9 en dos semanas volver\u00e1 al recinto para la votaci\u00f3n en particular para completar la media sanci\u00f3n.<\/p>\n\n\n\n<p>La parlamentaria del Partido Comunista,&nbsp;<strong>Camila Vallejo, celebr\u00f3 la resoluci\u00f3n en las redes sociales<\/strong>, se\u00f1alando que \u201ces por todas las mujeres y personas gestantes que se han visto perseguidas y criminalizadas, sobre todo si son de menos recursos\u201d.<\/p>\n\n\n\n<p>\u201cAbajo el patriarcado, que va a caer, va a caer\u201d y \u201carriba el feminismo, que va a vencer, va a vencer\u201d, escribi\u00f3 Vallejo en Twitter.<\/p>\n\n\n\n<p>La ministra cerr\u00f3 su mensaje en Diputados diciendo que \u201cla posici\u00f3n del Gobierno se sustenta en posiciones \u00e9ticas, jur\u00eddicas y de respeto absoluto a la vida.&nbsp;<strong>Chile cuenta con legislaci\u00f3n desde el 2017<\/strong>&nbsp;en materia de aborto que garantiza el derecho a la interrupci\u00f3n del embarazo en tres causales\u201d.<\/p>\n\n\n\n<p>En septiembre de 2017 se aprob\u00f3 y promulg\u00f3 la Ley de Aborto, que despenaliza la interrupci\u00f3n del embarazo&nbsp;<strong>exclusivamente bajo tres causales: riesgo de vida de la madre, inviabilidad del feto y violaci\u00f3n<\/strong>.<\/p>\n\n\n\n<p>El nuevo proyecto ahora volver\u00e1 con indicaciones a la Comisi\u00f3n de Mujeres y Equidad de G\u00e9nero, en donde hab\u00eda sido&nbsp;<strong>rechazado<\/strong>.<\/p>\n\n\n\n<p>Se estima que el proyecto vuelva a Diputados en dos semanas, escenario en el cual\u00a0<strong>podr\u00eda tener media sanci\u00f3n y pasar al Senado<\/strong>.<\/p>\n\n\n\n<p class=\"has-text-align-right\"><strong><em>Telam.-<\/em><\/strong><\/p>\n","protected":false},"excerpt":{"rendered":"<p>El proyecto fue aprobado por la C\u00e1mara de Diputados chilena por 75 votos, tuvo 68 en contra y dos abstenciones. En dos semanas puede llegar a obtener la media sanci\u00f3n y pasar al Senado<\/p>\n","protected":false},"author":2,"featured_media":10918,"comment_status":"open","ping_status":"open","sticky":false,"template":"","format":"standard","meta":{"jnews-multi-image_gallery":[],"jnews_single_post":[],"jnews_primary_category":[],"jnews_social_meta":[],"jnews_review":[],"enable_review":"","type":"","name":"","summary":"","brand":"","sku":"","good":[],"bad":[],"score_override":"","override_value":"","rating":[],"price":[],"jnews_override_counter":[],"jnews_post_split":[],"footnotes":""},"categories":[88],"tags":[229,386,405,739],"class_list":["post-10916","post","type-post","status-publish","format-standard","has-post-thumbnail","hentry","category-internacionales","tag-aborto-legal","tag-chile","tag-ley-del-aborto","tag-venezolanos-en-chile"],"amp_enabled":true,"_links":{"self":[{"href":"https:\/\/esreviral.com\/index.php?rest_route=\/wp\/v2\/posts\/10916"}],"collection":[{"href":"https:\/\/esreviral.com\/index.php?rest_route=\/wp\/v2\/posts"}],"about":[{"href":"https:\/\/esreviral.com\/index.php?rest_route=\/wp\/v2\/types\/post"}],"author":[{"embeddable":true,"href":"https:\/\/esreviral.com\/index.php?rest_route=\/wp\/v2\/users\/2"}],"replies":[{"embeddable":true,"href":"https:\/\/esreviral.com\/index.php?rest_route=%2Fwp%2Fv2%2Fcomments&post=10916"}],"version-history":[{"count":0,"href":"https:\/\/esreviral.com\/index.php?rest_route=\/wp\/v2\/posts\/10916\/revisions"}],"wp:featuredmedia":[{"embeddable":true,"href":"https:\/\/esreviral.com\/index.php?rest_route=\/"}],"wp:attachment":[{"href":"https:\/\/esreviral.com\/index.php?rest_route=%2Fwp%2Fv2%2Fmedia&parent=10916"}],"wp:term":[{"taxonomy":"category","embeddable":true,"href":"https:\/\/esreviral.com\/index.php?rest_route=%2Fwp%2Fv2%2Fcategories&post=10916"},{"taxonomy":"post_tag","embeddable":true,"href":"https:\/\/esreviral.com\/index.php?rest_route=%2Fwp%2Fv2%2Ftags&post=10916"}],"curies":[{"name":"wp","href":"https:\/\/api.w.org\/{rel}","templated":true}]}}