{"id":10661,"date":"2021-09-20T14:07:10","date_gmt":"2021-09-20T17:07:10","guid":{"rendered":"http:\/\/esreviral.com\/?p=10661"},"modified":"2021-09-20T14:07:10","modified_gmt":"2021-09-20T17:07:10","slug":"servando-y-florentino-se-unen-a-guayanaa-para-hacer-regueton-feminista","status":"publish","type":"post","link":"https:\/\/esreviral.com\/?p=10661","title":{"rendered":"Servando y Florentino se unen a Guayanaa para hacer reguet\u00f3n Feminista"},"content":{"rendered":"\n<p>El reguetonero puertorrique\u00f1o Guaynaa y los artistas venezolanos Servando y Florentino Primera celebran \u00abemocionados\u00bb el \u00e9xito de su nueva canci\u00f3n \u00abLos cachos\u00bb, que describen en entrevista con Efe como un \u00abreguet\u00f3n salsero y feminista\u00bb.<\/p>\n\n\n\n<p>\u00abNuestra relaci\u00f3n se dio de una forma espont\u00e1nea. Yo sab\u00eda qui\u00e9nes eran Servando y Florentino por mi hermana, que era una fan loca, as\u00ed que cuando me encontr\u00e9 con ellos por casualidad en un estudio no dud\u00e9 ni un momento en proponerles que colabor\u00e1semos. Lo vi como una gran oportunidad\u00bb, dijo el cantautor boricua.<\/p>\n\n\n\n<p>Para los hermanos Primera, la relaci\u00f3n con Guaynaa ha sido una caja de \u00abgrandes sorpresas\u00bb. Primero fue la invitaci\u00f3n a trabajar juntos, luego el descubrimiento de que \u00abes un artista con mucho conocimiento y profundidad musical\u00bb, indic\u00f3 Florentino.<\/p>\n\n\n\n<p>Luego vino la idea de que los tres cantaran \u00abLos cachos\u00bb, un tema que fue inicialmente compuesto para que fuera un d\u00fao con una mujer.<\/p>\n\n\n\n<p>\u00abCuando Jean (el nombre real de Guaynaa) sugiri\u00f3 que la cant\u00e1ramos los tres me qued\u00e9 sin palabras. Obviamente, la respuesta era que s\u00ed. Fue un honor\u00bb, confes\u00f3.<\/p>\n\n\n\n<p>\u00abLos cachos\u00bb es el tercer tema de los hermanos en el \u00faltimo a\u00f1o. Primero fue \u00abEn tu cuarto\u00bb, con el que marcaron de una forma \u00abinformal\u00bb su regreso como int\u00e9rpretes a la m\u00fasica.<\/p>\n\n\n\n<p>Los venezolanos, que comenzaron su carrera en la infancia como parte de la banda \u00abSalser\u00edn\u00bb, protagonizaron a principios de los 2000 un fen\u00f3meno cercano al del grupo Menudo en Am\u00e9rica Latina.<\/p>\n\n\n\n<p>\u00abNinguno de mis \u00e9xitos anteriores hab\u00eda impresionado a mi hermana\u00bb, cont\u00f3 Guaynaa con una gran sonrisa. Ni siquiera el que \u00abLa cumbia de la gente\u00bb fuese usada por Univision para su transmisi\u00f3n deportiva hizo mella en como ve\u00eda a su hermano.<\/p>\n\n\n\n<p>Con orgullo afirm\u00f3 que todo eso cambi\u00f3 cuando le mand\u00f3 una foto con Servando y Florentino: \u00abAhora s\u00ed que soy su \u00eddolo\u00bb.<\/p>\n\n\n\n<p>La idea de que Guaynaa cantara \u00abLos cachos\u00bb con una mujer era obvia, pues el tema contrasta la posici\u00f3n de muchos en la cultura latina, que aplauden la infidelidad masculina y condenan la femenina. Sin embargo, coinciden que tres hombres condenando el machismo y defendiendo a las mujeres es un mensaje m\u00e1s poderoso.<\/p>\n\n\n\n<p>\u00ab\u00bbLos cachos\u00bb es una canci\u00f3n urbana salsera y feminista\u00bb, destac\u00f3 Servando, quien es autor de muchos de los grandes \u00e9xitos del reguet\u00f3n como \u00abMe voy enamorando\u00bb, de Chyno y Nacho, \u00abMayores\u00bb, de Becky G y Bad Bunny, y \u00abDuele el coraz\u00f3n\u00bb, de Enrique Iglesias y Wisin, entre otras.<\/p>\n\n\n\n<p>Los artistas reconocieron que sus temas anteriores no siempre hab\u00edan seguido esta t\u00f3nica, \u00abaunque nunca se irrespet\u00f3 a la mujer\u00bb; pero que en este momento han aprendido a ser \u00abaliados\u00bb del movimiento feminista que busca la equidad de g\u00e9nero en todos los sentidos.<\/p>\n\n\n\n<p>La relaci\u00f3n entre los artistas no se quedar\u00e1 ah\u00ed. Los hermanos Primera son parte del pr\u00f3ximo disco de Guaynaa, que saldr\u00e1 antes de fin de a\u00f1o.<\/p>\n","protected":false},"excerpt":{"rendered":"<p>El reguetonero puertorrique\u00f1o Guaynaa y los artistas venezolanos Servando y Florentino Primera celebran \u00abemocionados\u00bb el \u00e9xito de su nueva canci\u00f3n \u00abLos cachos\u00bb, que describen en entrevista con Efe como un \u00abreguet\u00f3n salsero y feminista\u00bb. \u00abNuestra relaci\u00f3n se dio de una forma espont\u00e1nea. Yo sab\u00eda qui\u00e9nes eran Servando y Florentino por mi hermana, que era una [&hellip;]<\/p>\n","protected":false},"author":2,"featured_media":10662,"comment_status":"open","ping_status":"open","sticky":false,"template":"","format":"standard","meta":{"jnews-multi-image_gallery":[],"jnews_single_post":[],"jnews_primary_category":[],"jnews_social_meta":[],"jnews_review":[],"enable_review":"","type":"","name":"","summary":"","brand":"","sku":"","good":[],"bad":[],"score_override":"","override_value":"","rating":[],"price":[],"jnews_override_counter":[],"jnews_post_split":[],"footnotes":""},"categories":[50],"tags":[45,545],"class_list":["post-10661","post","type-post","status-publish","format-standard","has-post-thumbnail","hentry","category-entretenimiento","tag-noticias","tag-servando-y-florentino"],"amp_enabled":true,"_links":{"self":[{"href":"https:\/\/esreviral.com\/index.php?rest_route=\/wp\/v2\/posts\/10661"}],"collection":[{"href":"https:\/\/esreviral.com\/index.php?rest_route=\/wp\/v2\/posts"}],"about":[{"href":"https:\/\/esreviral.com\/index.php?rest_route=\/wp\/v2\/types\/post"}],"author":[{"embeddable":true,"href":"https:\/\/esreviral.com\/index.php?rest_route=\/wp\/v2\/users\/2"}],"replies":[{"embeddable":true,"href":"https:\/\/esreviral.com\/index.php?rest_route=%2Fwp%2Fv2%2Fcomments&post=10661"}],"version-history":[{"count":0,"href":"https:\/\/esreviral.com\/index.php?rest_route=\/wp\/v2\/posts\/10661\/revisions"}],"wp:featuredmedia":[{"embeddable":true,"href":"https:\/\/esreviral.com\/index.php?rest_route=\/"}],"wp:attachment":[{"href":"https:\/\/esreviral.com\/index.php?rest_route=%2Fwp%2Fv2%2Fmedia&parent=10661"}],"wp:term":[{"taxonomy":"category","embeddable":true,"href":"https:\/\/esreviral.com\/index.php?rest_route=%2Fwp%2Fv2%2Fcategories&post=10661"},{"taxonomy":"post_tag","embeddable":true,"href":"https:\/\/esreviral.com\/index.php?rest_route=%2Fwp%2Fv2%2Ftags&post=10661"}],"curies":[{"name":"wp","href":"https:\/\/api.w.org\/{rel}","templated":true}]}}