{"id":10631,"date":"2021-09-19T12:18:24","date_gmt":"2021-09-19T15:18:24","guid":{"rendered":"http:\/\/esreviral.com\/?p=10631"},"modified":"2021-09-19T12:18:24","modified_gmt":"2021-09-19T15:18:24","slug":"opinion-trotta-posible-precandidata-a-diputada-por-los-migrantes-venezolanos-se-abstuvieron-en-las-paso","status":"publish","type":"post","link":"https:\/\/esreviral.com\/?p=10631","title":{"rendered":"#Opini\u00f3n Trotta posible precandidata a diputada por los migrantes: venezolanos se abstuvieron en las PASO"},"content":{"rendered":"\n<p>Las elecciones del pasado domingo 12 de septiembre fueron una de las m\u00e1s concurridas por los extranjeros habilitados para votar, aunque tambi\u00e9n la de mayor abstenci\u00f3n en general desde la creaci\u00f3n de las PASO en el a\u00f1o 2011. <strong>Hubo 32% de no participaci\u00f3n.<\/strong> <\/p>\n\n\n\n<p>En el caso de los venezolanos, se calculaba que <strong>unos cinco mil pod\u00edan ejercer su derecho al voto sin embargo particip\u00f3 s\u00f3lo el 20%,<\/strong> hubo muy poca informaci\u00f3n a pesar de los esfuerzos de muchos para no s\u00f3lo dar a conocer que pod\u00edan votar sino de animar. <\/p>\n\n\n\n<p><strong>La participaci\u00f3n preelectoral de los pol\u00edticos venezolanos en Argentina, fue casi nula al igual que los partidos pol\u00edticos,<\/strong> cuyos pocos integrantes salieron al final de la campa\u00f1a a algunas caminatas pero no fue suficiente porque s\u00f3lo el 20 % de los venezolanos aptos para votar fueron a su encuentro con las urnas. <\/p>\n\n\n\n<p><strong>Nuevamente las pol\u00e9micas y egos estuvieron presentes en las reuniones que hicieron.<\/strong> Uno de los representantes de la embajada opositora los convoc\u00f3 pero muchos les dijeron que <strong>luego de un a\u00f1o y medio sin llamar para conversar ya era muy tarde. Al parecer, la idea era o es proponer a Elisa Trotta como precandidata a diputada por la comunidad migrante, apoyada por el diputado Ubaldo Wolf, con quien mantiene una gran uni\u00f3n por su religi\u00f3n jud\u00eda. <\/strong>Aunque ya ser\u00eda para dentro de dos a\u00f1os.<\/p>\n\n\n\n<p><strong>Algunos miembros de los partidos y asociaciones han apoyado la idea,<\/strong> otros la rechazan, \u00abcu\u00e1l ha sido su trabajo?\u00bb, se preguntan muchos, quienes reclaman presencia en la calle y acompa\u00f1amiento en los connacionales m\u00e1s necesitados. <\/p>\n\n\n\n<p>Aunque muchos no saben, <strong>Elisa Trotta, es una de las que ha impulsado la entrega de alimentos en la parroquia Caacup\u00e9,<\/strong> a trav\u00e9s de los donadores jud\u00edos. Hasta ahora, ella no lo ha publicado, tampoco ha mostrado p\u00fablicamente sus aspiraciones, aunque cumple con los requisitos. Llam\u00f3 poderosamente la atenci\u00f3n que en estas paso s\u00ed voto, no en 2019, <strong>\u00abporque representa un cargo diplom\u00e1tico\u00bb, <\/strong>dijeron en su momento, aunque el Gobierno de Macri no firm\u00f3 las credenciales. <\/p>\n\n\n\n<p>En esta oportunidad se consult\u00f3 a su equipo, tambi\u00e9n informaron que no participar\u00eda por la misma raz\u00f3n pero sorprendi\u00f3 cuando public\u00f3 la foto de que hab\u00eda votado. <\/p>\n\n\n\n<p>Lo cierto es que, de aqu\u00ed a noviembre, los l\u00edderes venezolanos, asociaciones civiles y profesionales, tienen un amplio trabajo con la comunidad para insistir, explicar y reiterar que deben ejercer su derecho al voto para que no s\u00f3lo lo hagan en cumplimiento con las leyes sino con la patria y lo que vivieron en su pa\u00eds. <\/p>\n","protected":false},"excerpt":{"rendered":"<p>S\u00f3lo el 20 % de los venezolanos, habilitados para votar en las PASO, ejercieron su derecho<\/p>\n","protected":false},"author":2,"featured_media":10632,"comment_status":"open","ping_status":"open","sticky":false,"template":"","format":"standard","meta":{"jnews-multi-image_gallery":[],"jnews_single_post":[],"jnews_primary_category":[],"jnews_social_meta":[],"jnews_review":[],"enable_review":"","type":"","name":"","summary":"","brand":"","sku":"","good":[],"bad":[],"score_override":"","override_value":"","rating":[],"price":[],"jnews_override_counter":[],"jnews_post_split":[],"footnotes":""},"categories":[137],"tags":[1047,523,138,67],"class_list":["post-10631","post","type-post","status-publish","format-standard","has-post-thumbnail","hentry","category-opinion","tag-elecciones-paso","tag-elisa-trotta","tag-opinion","tag-venezolanos-en-argentina"],"amp_enabled":true,"_links":{"self":[{"href":"https:\/\/esreviral.com\/index.php?rest_route=\/wp\/v2\/posts\/10631"}],"collection":[{"href":"https:\/\/esreviral.com\/index.php?rest_route=\/wp\/v2\/posts"}],"about":[{"href":"https:\/\/esreviral.com\/index.php?rest_route=\/wp\/v2\/types\/post"}],"author":[{"embeddable":true,"href":"https:\/\/esreviral.com\/index.php?rest_route=\/wp\/v2\/users\/2"}],"replies":[{"embeddable":true,"href":"https:\/\/esreviral.com\/index.php?rest_route=%2Fwp%2Fv2%2Fcomments&post=10631"}],"version-history":[{"count":0,"href":"https:\/\/esreviral.com\/index.php?rest_route=\/wp\/v2\/posts\/10631\/revisions"}],"wp:featuredmedia":[{"embeddable":true,"href":"https:\/\/esreviral.com\/index.php?rest_route=\/"}],"wp:attachment":[{"href":"https:\/\/esreviral.com\/index.php?rest_route=%2Fwp%2Fv2%2Fmedia&parent=10631"}],"wp:term":[{"taxonomy":"category","embeddable":true,"href":"https:\/\/esreviral.com\/index.php?rest_route=%2Fwp%2Fv2%2Fcategories&post=10631"},{"taxonomy":"post_tag","embeddable":true,"href":"https:\/\/esreviral.com\/index.php?rest_route=%2Fwp%2Fv2%2Ftags&post=10631"}],"curies":[{"name":"wp","href":"https:\/\/api.w.org\/{rel}","templated":true}]}}