{"id":10597,"date":"2021-09-17T13:25:29","date_gmt":"2021-09-17T16:25:29","guid":{"rendered":"http:\/\/esreviral.com\/?p=10597"},"modified":"2021-09-17T13:25:29","modified_gmt":"2021-09-17T16:25:29","slug":"quiros-dijo-que-todavia-no-es-momento-de-discutir-la-retirada-del-barbijo","status":"publish","type":"post","link":"https:\/\/esreviral.com\/?p=10597","title":{"rendered":"Quir\u00f3s dijo que \u00abtodav\u00eda no es momento de discutir la retirada del barbijo\u00bb"},"content":{"rendered":"\n<p><br>Este viernes, el&nbsp;ministro de Salud de la Ciudad de Buenos Aires,&nbsp;<strong>Fern\u00e1n Quir\u00f3s<\/strong>, asegur\u00f3 que, a pesar de la baja en los contagios de COVID-19,&nbsp;\u00abtodav\u00eda no es momento de discutir la retirada del barbijo\u00bb.<\/p>\n\n\n\n<p>\u00abEl hecho de que tengamos una buena situaci\u00f3n epidemiol\u00f3gica y&nbsp;que estemos intensificando las aperturas, tiene que ver con poder darle respuesta tambi\u00e9n a otras dimensiones de las personas. Sobre todo la dimensi\u00f3n del trabajo y de la actividad econ\u00f3mica, que es tan necesaria en este pa\u00eds\u00bb, comenz\u00f3 el funcionario al ser consultado sobre ello.<\/p>\n\n\n\n<blockquote class=\"wp-block-quote is-layout-flow wp-block-quote-is-layout-flow\"><p>Y matiz\u00f3: \u00abAhora, eso no significa que se pueda hacer de cualquier manera. Es muy importante considerar que para que podamos mantener las medidas de actividad econ\u00f3mica y darle respuestas a estos aspectos de la comunidad, necesitamos hacer estas actividades con cuidados y con protocolos.\u00a0Los protocolos no pueden dejarse de lado; se necesitan mantener. El barbijo es un componente importante\u00bb.<\/p><\/blockquote>\n\n\n\n<p>Adem\u00e1s, trajo a colaci\u00f3n, sin dar nombres espec\u00edficos, el caso de algunos pa\u00edses que, tras la irrupci\u00f3n de la variante Delta, tuvieron que recomendar o volver a disponer el uso obligatorio de tapabocas tanto en espacios p\u00fablicos como cerrados.<\/p>\n\n\n\n<p>Consultado\u00a0justamente sobre la variante Delta, Quir\u00f3s indic\u00f3 que \u00abla informaci\u00f3n internacional es contundente en relaci\u00f3n a que en todos los pa\u00edses ha hecho una ola de casos\u00bb y record\u00f3 que \u00abla vacunaci\u00f3n previene de una manera eficaz que las personas que se enferman hagan una forma grave o mortal pero no previene tan eficazmente que las personas se puedan enfermar y hagan formas leves\u00bb.<\/p>\n\n\n\n<figure class=\"wp-block-image size-large\"><img decoding=\"async\" src=\"https:\/\/esreviral.com\/wp-content\/uploads\/2021\/09\/quiros-17-9-21-esreviral-1024x569.jpg\" alt=\"\" class=\"wp-image-10599\"\/><figcaption>Quir\u00f3s dijo que \u00abtodav\u00eda no es momento de discutir la retirada del barbijo\u00bb\u00a0| Foto: NA \/ Dami\u00e1n Dopacio<\/figcaption><\/figure>\n\n\n\n<p>\u00abEntonces es muy probable que lo que veamos en la Argentina, y en la Ciudad de Buenos Aires, es que aumente el n\u00famero de casos pero que eso, ya a esta altura con el grado de vacunaci\u00f3n que tiene la Ciudad, tenga un impacto menor en hospitalizaciones y muertes; eso es lo que buscamos, y por eso estamos acelerando la vacunaci\u00f3n\u00bb, cerr\u00f3.<\/p>\n\n\n\n<p class=\"has-text-align-right\"><strong><em>Telam<\/em><\/strong><\/p>\n","protected":false},"excerpt":{"rendered":"<p>Este viernes, el&nbsp;ministro de Salud de la Ciudad de Buenos Aires,&nbsp;Fern\u00e1n Quir\u00f3s, asegur\u00f3 que, a pesar de la baja en los contagios de COVID-19,&nbsp;\u00abtodav\u00eda no es momento de discutir la retirada del barbijo\u00bb. \u00abEl hecho de que tengamos una buena situaci\u00f3n epidemiol\u00f3gica y&nbsp;que estemos intensificando las aperturas, tiene que ver con poder darle respuesta tambi\u00e9n [&hellip;]<\/p>\n","protected":false},"author":2,"featured_media":10598,"comment_status":"open","ping_status":"open","sticky":false,"template":"","format":"standard","meta":{"jnews-multi-image_gallery":[],"jnews_single_post":[],"jnews_primary_category":[],"jnews_social_meta":[],"jnews_review":[],"enable_review":"","type":"","name":"","summary":"","brand":"","sku":"","good":[],"bad":[],"score_override":"","override_value":"","rating":[],"price":[],"jnews_override_counter":[],"jnews_post_split":[],"footnotes":""},"categories":[76],"tags":[44,468],"class_list":["post-10597","post","type-post","status-publish","format-standard","has-post-thumbnail","hentry","category-coronavirus","tag-argentina","tag-caba"],"amp_enabled":true,"_links":{"self":[{"href":"https:\/\/esreviral.com\/index.php?rest_route=\/wp\/v2\/posts\/10597"}],"collection":[{"href":"https:\/\/esreviral.com\/index.php?rest_route=\/wp\/v2\/posts"}],"about":[{"href":"https:\/\/esreviral.com\/index.php?rest_route=\/wp\/v2\/types\/post"}],"author":[{"embeddable":true,"href":"https:\/\/esreviral.com\/index.php?rest_route=\/wp\/v2\/users\/2"}],"replies":[{"embeddable":true,"href":"https:\/\/esreviral.com\/index.php?rest_route=%2Fwp%2Fv2%2Fcomments&post=10597"}],"version-history":[{"count":0,"href":"https:\/\/esreviral.com\/index.php?rest_route=\/wp\/v2\/posts\/10597\/revisions"}],"wp:featuredmedia":[{"embeddable":true,"href":"https:\/\/esreviral.com\/index.php?rest_route=\/"}],"wp:attachment":[{"href":"https:\/\/esreviral.com\/index.php?rest_route=%2Fwp%2Fv2%2Fmedia&parent=10597"}],"wp:term":[{"taxonomy":"category","embeddable":true,"href":"https:\/\/esreviral.com\/index.php?rest_route=%2Fwp%2Fv2%2Fcategories&post=10597"},{"taxonomy":"post_tag","embeddable":true,"href":"https:\/\/esreviral.com\/index.php?rest_route=%2Fwp%2Fv2%2Ftags&post=10597"}],"curies":[{"name":"wp","href":"https:\/\/api.w.org\/{rel}","templated":true}]}}