{"id":1056,"date":"2020-10-28T19:05:38","date_gmt":"2020-10-28T19:05:38","guid":{"rendered":"http:\/\/esreviral.com\/?p=1056"},"modified":"2020-10-28T19:05:38","modified_gmt":"2020-10-28T19:05:38","slug":"preso-de-fenix-lara-tenia-dos-dias-muerto-dentro-de-su-celda","status":"publish","type":"post","link":"https:\/\/esreviral.com\/?p=1056","title":{"rendered":"Preso de F\u00e9nix Lara ten\u00eda dos d\u00edas muerto dentro de su celda"},"content":{"rendered":"\n<p>Jonathan Jes\u00fas Guevara Ochoa, de 26 a\u00f1os de edad, fue trasladado hace tres meses desde una comisar\u00eda hasta la Comunidad Penitenciaria F\u00e9nix en Barquisimeto, estado Lara. La esperanza de la familia era que podr\u00eda redimir su condena y consecuentemente reducir su tiempo tras las rejas.<\/p>\n\n\n\n<p>En horas de la tarde del domingo 25 de octubre una comisi\u00f3n del Eje de Homicidios del Cuerpo de Investigaciones Cient\u00edficas, Penales y Criminal\u00edsticas (CICPC) se traslad\u00f3 hasta la c\u00e1rcel de F\u00e9nix, para levantar el cad\u00e1ver de Jonathan Jes\u00fas que presuntamente fue estrangulado por un compa\u00f1ero de celda. Ese mismo d\u00eda su familia recibi\u00f3 una llamada an\u00f3nima, en la que les anunciaron que su ser querido hab\u00eda sido asesinado.<\/p>\n\n\n\n<p>Cada d\u00eda son m\u00e1s dantescos los casos de violencia dentro las c\u00e1rceles venezolanas. En esta oportunidad el equipo del Observatorio Venezolano de Prisiones (OVP) conoci\u00f3 que el cuerpo sin vida de este recluso ten\u00eda dos d\u00edas dentro de una celda en el \u00e1rea de reflexi\u00f3n y ya presentaba indicios de descomposici\u00f3n. Al parecer, el crimen se perpetr\u00f3 el viernes y su supuesto homicida, un hombre de 58 a\u00f1os de edad identificado como Ender Jos\u00e9 Ramos Colmenarez,&nbsp; fue quien avis\u00f3 a los custodios que \u00abten\u00eda un muerto debajo de una cama y le estaba molestando el olor\u201d.<\/p>\n\n\n\n<p>Esta situaci\u00f3n deja en evidencia el descontrol reinante dentro de los centros penitenciarios, pues evidentemente no se realiza un conteo diario donde las autoridades puedan detectar la ausencia de uno de los reclusos. Personas que frecuentan la c\u00e1rcel de F\u00e9nix-Lara aseguraron que durante toda la semana hubo fallas en el suministro de alimentos, por lo que al no llevarle comida tambi\u00e9n era imposible que los custodios se dieran cuenta de que algo andaba mal, esto aunado a que se encontraba en un \u00e1rea poco transitada.<\/p>\n\n\n\n<p>Por su parte, una t\u00eda de Jonathan Jes\u00fas se traslad\u00f3 como pudo hasta la morgue del Hospital Central Antonio Mar\u00eda Pineda Barquisimeto, pero no fue hasta las 8:00 de la noche que le informaron que el cuerpo hab\u00eda sido llevado hasta la \u00abmorguecita\u00bb en el cementerio municipal de la ciudad por su avanzado estado de descomposici\u00f3n.<\/p>\n\n\n\n<p>Seg\u00fan lo relatado al equipo del OVP, al d\u00eda siguiente se trasladaron hasta este lugar, donde finalmente lo identificaron por unos tatuajes porque aseguraron que el cuerpo estaba irreconocible. En tanto, la familia del joven detall\u00f3 que estuvo dos a\u00f1os detenido dentro de un container de la Guardia Nacional Bolivariana (GNB) en Cabudare hasta su traslado a F\u00e9nix, donde la mala alimentaci\u00f3n caus\u00f3 estragos en su salud y en poco tiempo hab\u00eda rebajado al menos 10 kilos.<\/p>\n\n\n\n<p>El lunes 19 de octubre fue el \u00faltimo contacto de Jonathan Jes\u00fas con sus familiares para informarles que al d\u00eda siguiente tendr\u00eda visita. No obstante, nadie pudo visitarlo porque son personas de bajos recursos y el costo del transporte hasta el penal es de al menos 20 d\u00f3lares, sin contar con otros gastos como la alimentaci\u00f3n.<\/p>\n\n\n\n<p>&nbsp;\u201cPor una urna nos estaban pidiendo 180 d\u00f3lares, \u00bfde d\u00f3nde sacamos eso?. Menos mal que desde la alcald\u00eda de Sim\u00f3n Planas nos hicieron la donaci\u00f3n&nbsp; y lo vamos a enterrar aqu\u00ed en Barquisimeto\u201d, coment\u00f3 una prima de Jonathan Jes\u00fas, quien puntualiz\u00f3 que desde el recinto penitenciario no les han brindado ning\u00fan tipo de informaci\u00f3n sobre el hecho y mucho menos les prestaron ayuda para los gastos f\u00fanebres.<\/p>\n\n\n\n<p class=\"has-text-align-right\"><strong>Prensa Observatorio Venezolano de Prisiones&nbsp;<\/strong><\/p>\n","protected":false},"excerpt":{"rendered":"<p>El compa\u00f1ero de celda avis\u00f3 a los custodios que \u00abten\u00eda un muerto debajo de una cama y le estaba molestando el olor\u201d<\/p>\n","protected":false},"author":2,"featured_media":1057,"comment_status":"open","ping_status":"open","sticky":false,"template":"","format":"standard","meta":{"jnews-multi-image_gallery":[],"jnews_single_post":[],"jnews_primary_category":[],"jnews_social_meta":[],"jnews_review":[],"enable_review":"","type":"","name":"","summary":"","brand":"","sku":"","good":[],"bad":[],"score_override":"","override_value":"","rating":[],"price":[],"jnews_override_counter":[],"jnews_post_split":[],"footnotes":""},"categories":[64,66],"tags":[45,65,56],"class_list":["post-1056","post","type-post","status-publish","format-standard","has-post-thumbnail","hentry","category-sucesos","category-venezuela","tag-noticias","tag-sucesos","tag-venezuela"],"amp_enabled":true,"_links":{"self":[{"href":"https:\/\/esreviral.com\/index.php?rest_route=\/wp\/v2\/posts\/1056"}],"collection":[{"href":"https:\/\/esreviral.com\/index.php?rest_route=\/wp\/v2\/posts"}],"about":[{"href":"https:\/\/esreviral.com\/index.php?rest_route=\/wp\/v2\/types\/post"}],"author":[{"embeddable":true,"href":"https:\/\/esreviral.com\/index.php?rest_route=\/wp\/v2\/users\/2"}],"replies":[{"embeddable":true,"href":"https:\/\/esreviral.com\/index.php?rest_route=%2Fwp%2Fv2%2Fcomments&post=1056"}],"version-history":[{"count":0,"href":"https:\/\/esreviral.com\/index.php?rest_route=\/wp\/v2\/posts\/1056\/revisions"}],"wp:featuredmedia":[{"embeddable":true,"href":"https:\/\/esreviral.com\/index.php?rest_route=\/"}],"wp:attachment":[{"href":"https:\/\/esreviral.com\/index.php?rest_route=%2Fwp%2Fv2%2Fmedia&parent=1056"}],"wp:term":[{"taxonomy":"category","embeddable":true,"href":"https:\/\/esreviral.com\/index.php?rest_route=%2Fwp%2Fv2%2Fcategories&post=1056"},{"taxonomy":"post_tag","embeddable":true,"href":"https:\/\/esreviral.com\/index.php?rest_route=%2Fwp%2Fv2%2Ftags&post=1056"}],"curies":[{"name":"wp","href":"https:\/\/api.w.org\/{rel}","templated":true}]}}