{"id":1040,"date":"2020-10-28T15:10:09","date_gmt":"2020-10-28T15:10:09","guid":{"rendered":"http:\/\/esreviral.com\/?p=1040"},"modified":"2020-10-28T15:10:09","modified_gmt":"2020-10-28T15:10:09","slug":"rodriguez-larreta-defendio-el-derecho-de-propiedad-y-reconocio-el-deficit-habitacional","status":"publish","type":"post","link":"https:\/\/esreviral.com\/?p=1040","title":{"rendered":"Rodr\u00edguez Larreta defendi\u00f3 el derecho de propiedad y reconoci\u00f3 el d\u00e9ficit habitacional"},"content":{"rendered":"\n<p>El jefe de Gobierno porte\u00f1o, Horacio Rodr\u00edguez Larreta, asegur\u00f3 que \u00abes esencial contar con la certeza de los derechos de propiedad\u00bb y dijo que \u00abes una obligaci\u00f3n del Estado protegerlos\u00bb, al tiempo que sostuvo la necesidad de \u00abatender las situaciones de un enorme d\u00e9ficit habitacional\u00bb en el pa\u00eds.<\/p>\n\n\n\n<p>A trav\u00e9s un hilo en la red social Twitter, Rodr\u00edguez Larreta afirm\u00f3 que \u00ablos derechos de propiedad y la seguridad jur\u00eddica sobre los mismos son condici\u00f3n para el desarrollo, el crecimiento y el mejoramiento de la calidad de vida de todos los argentinos\u00bb.<\/p>\n\n\n\n<p>\u00abEs imposible pensar la convivencia democr\u00e1tica sin la plena vigencia del Estado de derecho y el imperio de la ley. Y no hay ley m\u00e1s importante que la Constituci\u00f3n Nacional\u00bb, agreg\u00f3 el referente de Cambiemos.<\/p>\n\n\n\n<figure class=\"wp-block-embed-twitter wp-block-embed is-type-rich is-provider-twitter\"><div class=\"wp-block-embed__wrapper\">\n<blockquote class=\"twitter-tweet\" data-width=\"500\" data-dnt=\"true\"><p lang=\"es\" dir=\"ltr\">Abro hilo sobre los derechos de propiedad \ud83d\udc47<\/p>&mdash; Horacio Rodr\u00edguez Larreta (@horaciorlarreta) <a href=\"https:\/\/twitter.com\/horaciorlarreta\/status\/1321436166697164800?ref_src=twsrc%5Etfw\">October 28, 2020<\/a><\/blockquote><script async src=\"https:\/\/platform.twitter.com\/widgets.js\" charset=\"utf-8\"><\/script>\n<\/div><\/figure>\n\n\n\n<p>Asimismo, afirm\u00f3 en su posteo que \u00abesto no significa que no haya que atender las situaciones de un enorme d\u00e9ficit habitacional que la Argentina tiene\u00bb y consider\u00f3 que \u00abhay que atender las dos realidades en simult\u00e1neo\u00bb.<\/p>\n\n\n\n<p>\u00abComo marca la Constituci\u00f3n en su art\u00edculo 17, la propiedad es inviolable y solo una sentencia fundada en ley puede privar a alguien del derecho a la misma\u00bb, a\u00f1adi\u00f3 Rodr\u00edguez Larreta en la publicaci\u00f3n.<\/p>\n\n\n\n<p>\u00abPara disponer de los bienes, producir e invertir, es esencial contar con la certeza de los derechos de propiedad. Es una obligaci\u00f3n del Estado protegerlos\u00bb, indic\u00f3 el jefe de Gobierno porte\u00f1o.<\/p>\n\n\n\n<p>En ese marco, plante\u00f3 que \u00abun derecho no puede ser en desmedro del otro\u00bb al mencionar, por un lado, \u00abla defensa irrestricta de la propiedad privada y la vigencia de la ley\u00bb y, por el otro, \u00abla urgencia de generar suelo urbano asequible, urbanizaci\u00f3n e integraci\u00f3n social\u00bb.<\/p>\n\n\n\n<p class=\"has-text-align-right\"><strong><em>Telam.-<\/em><\/strong><\/p>\n","protected":false},"excerpt":{"rendered":"<p>El jefe de Gobierno porte\u00f1o afirm\u00f3 que \u00ablos derechos de propiedad y la seguridad jur\u00eddica sobre los mismos son condici\u00f3n para el desarrollo, el crecimiento y el mejoramiento de la calidad de vida de todos los argentinos\u00bb<\/p>\n","protected":false},"author":2,"featured_media":1041,"comment_status":"open","ping_status":"open","sticky":false,"template":"","format":"standard","meta":{"jnews-multi-image_gallery":[],"jnews_single_post":[],"jnews_primary_category":[],"jnews_social_meta":[],"jnews_review":[],"enable_review":"","type":"","name":"","summary":"","brand":"","sku":"","good":[],"bad":[],"score_override":"","override_value":"","rating":[],"price":[],"jnews_override_counter":[],"jnews_post_split":[],"footnotes":""},"categories":[58],"tags":[44,45,158],"class_list":["post-1040","post","type-post","status-publish","format-standard","has-post-thumbnail","hentry","category-argentina","tag-argentina","tag-noticias","tag-rodriguez-larreta"],"amp_enabled":true,"_links":{"self":[{"href":"https:\/\/esreviral.com\/index.php?rest_route=\/wp\/v2\/posts\/1040"}],"collection":[{"href":"https:\/\/esreviral.com\/index.php?rest_route=\/wp\/v2\/posts"}],"about":[{"href":"https:\/\/esreviral.com\/index.php?rest_route=\/wp\/v2\/types\/post"}],"author":[{"embeddable":true,"href":"https:\/\/esreviral.com\/index.php?rest_route=\/wp\/v2\/users\/2"}],"replies":[{"embeddable":true,"href":"https:\/\/esreviral.com\/index.php?rest_route=%2Fwp%2Fv2%2Fcomments&post=1040"}],"version-history":[{"count":0,"href":"https:\/\/esreviral.com\/index.php?rest_route=\/wp\/v2\/posts\/1040\/revisions"}],"wp:featuredmedia":[{"embeddable":true,"href":"https:\/\/esreviral.com\/index.php?rest_route=\/"}],"wp:attachment":[{"href":"https:\/\/esreviral.com\/index.php?rest_route=%2Fwp%2Fv2%2Fmedia&parent=1040"}],"wp:term":[{"taxonomy":"category","embeddable":true,"href":"https:\/\/esreviral.com\/index.php?rest_route=%2Fwp%2Fv2%2Fcategories&post=1040"},{"taxonomy":"post_tag","embeddable":true,"href":"https:\/\/esreviral.com\/index.php?rest_route=%2Fwp%2Fv2%2Ftags&post=1040"}],"curies":[{"name":"wp","href":"https:\/\/api.w.org\/{rel}","templated":true}]}}