{"id":10235,"date":"2021-09-02T17:51:09","date_gmt":"2021-09-02T20:51:09","guid":{"rendered":"http:\/\/esreviral.com\/?p=10235"},"modified":"2021-09-02T17:51:09","modified_gmt":"2021-09-02T20:51:09","slug":"realizaran-encuentro-con-venezolanos-de-cara-a-las-elecciones-legislativas","status":"publish","type":"post","link":"https:\/\/esreviral.com\/?p=10235","title":{"rendered":"Venezolanos tendr\u00e1n un encuentro con pol\u00edticos argentinos de cara a las elecciones legislativas"},"content":{"rendered":"\n<p><strong><em>CIS.- <\/em><\/strong>El diputado por la Ciudad de Buenos Aires, Claudio Romero, inform\u00f3 que este s\u00e1bado la comunidad venezolana en Argentina realizar\u00e1 un encuentro con los candidatos a la legislatura porte\u00f1a para exponer las propuestas que tienen y tambi\u00e9n conocer las expectativas de los ciudadanos. <\/p>\n\n\n\n<p>Son casi 28 mil venezolanos con residencia permanente que ejercer\u00e1n el voto en el pa\u00eds, quienes se encuentren en las provincias har\u00e1n el sufragio por sus respectivos candidatos al igual que en CABA. <\/p>\n\n\n\n<p>El encuentro ser\u00e1 en el Patio de Los Lecheros (Donato \u00c1lvarez 175) a partir de las 04:00 P.M.<\/p>\n\n\n\n<figure class=\"wp-block-image size-large\"><img decoding=\"async\" src=\"https:\/\/esreviral.com\/wp-content\/uploads\/2021\/09\/WhatsApp-Image-2021-08-30-at-15.59.36-1024x580.jpeg\" alt=\"\" class=\"wp-image-10242\"\/><\/figure>\n","protected":false},"excerpt":{"rendered":"<p>La actividad ser\u00e1 en el Patio de Los Lecheros (Donato \u00c1lvarez 175) a partir de las 04:00 P.M.<\/p>\n","protected":false},"author":2,"featured_media":10236,"comment_status":"open","ping_status":"open","sticky":false,"template":"","format":"standard","meta":{"jnews-multi-image_gallery":[],"jnews_single_post":[],"jnews_primary_category":[],"jnews_social_meta":[],"jnews_review":[],"enable_review":"","type":"","name":"","summary":"","brand":"","sku":"","good":[],"bad":[],"score_override":"","override_value":"","rating":[],"price":[],"jnews_override_counter":[],"jnews_post_split":[],"footnotes":""},"categories":[54],"tags":[1047,45,67],"class_list":["post-10235","post","type-post","status-publish","format-standard","has-post-thumbnail","hentry","category-inmigracion","tag-elecciones-paso","tag-noticias","tag-venezolanos-en-argentina"],"amp_enabled":true,"_links":{"self":[{"href":"https:\/\/esreviral.com\/index.php?rest_route=\/wp\/v2\/posts\/10235"}],"collection":[{"href":"https:\/\/esreviral.com\/index.php?rest_route=\/wp\/v2\/posts"}],"about":[{"href":"https:\/\/esreviral.com\/index.php?rest_route=\/wp\/v2\/types\/post"}],"author":[{"embeddable":true,"href":"https:\/\/esreviral.com\/index.php?rest_route=\/wp\/v2\/users\/2"}],"replies":[{"embeddable":true,"href":"https:\/\/esreviral.com\/index.php?rest_route=%2Fwp%2Fv2%2Fcomments&post=10235"}],"version-history":[{"count":0,"href":"https:\/\/esreviral.com\/index.php?rest_route=\/wp\/v2\/posts\/10235\/revisions"}],"wp:featuredmedia":[{"embeddable":true,"href":"https:\/\/esreviral.com\/index.php?rest_route=\/"}],"wp:attachment":[{"href":"https:\/\/esreviral.com\/index.php?rest_route=%2Fwp%2Fv2%2Fmedia&parent=10235"}],"wp:term":[{"taxonomy":"category","embeddable":true,"href":"https:\/\/esreviral.com\/index.php?rest_route=%2Fwp%2Fv2%2Fcategories&post=10235"},{"taxonomy":"post_tag","embeddable":true,"href":"https:\/\/esreviral.com\/index.php?rest_route=%2Fwp%2Fv2%2Ftags&post=10235"}],"curies":[{"name":"wp","href":"https:\/\/api.w.org\/{rel}","templated":true}]}}