{"id":10081,"date":"2021-08-27T19:40:39","date_gmt":"2021-08-27T22:40:39","guid":{"rendered":"http:\/\/esreviral.com\/?p=10081"},"modified":"2021-08-27T19:40:39","modified_gmt":"2021-08-27T22:40:39","slug":"robaron-a-la-venezolana-que-participa-en-la-voz-argentina","status":"publish","type":"post","link":"https:\/\/esreviral.com\/?p=10081","title":{"rendered":"Robaron a la venezolana que participa en La Voz Argentina"},"content":{"rendered":"\n<p>Tras una semana llena de \u00e9xitos para Sttefania \u00dattaro, con su participaci\u00f3n en La Voz Argentina, denunci\u00f3 por su cuenta de Twitter que le robaron dos notebooks e invit\u00f3 a que no compren cosas robadas. <\/p>\n\n\n\n<p>La integrante del Team Montaner, explic\u00f3 que fueron dos maquinas, marca Lennovo y que est\u00e1n sin cargadores. <\/p>\n\n\n\n<p>\u00abLa verdad que me siento muy mal. Pero s\u00e9 que pasar\u00e1. Me qued\u00e9 sin herramienta de trabajo.\u00bb, escribi\u00f3 en otro tuit la comunicadora social. Reiter\u00f3 que estaba muy triste y pidi\u00f3 \u00abperd\u00f3n\u00bb porque anunci\u00f3 que se retirar\u00eda por un tiempo. <\/p>\n\n\n\n<figure class=\"wp-block-embed-twitter wp-block-embed is-type-rich is-provider-twitter\"><div class=\"wp-block-embed__wrapper\">\n<blockquote class=\"twitter-tweet\" data-width=\"500\" data-dnt=\"true\"><p lang=\"es\" dir=\"ltr\">ME ROBARON, ME QUED\u00c9 SIN NOTEBOOKS, SI ALGUIEN SABE ALGO ACERCA DE 2 LENOVO SIN CARGADOR SON M\u00cdAS. <br><br>NO COMPREN COSAS ROBADAS.<\/p>&mdash; Steffania Uttaro (@SteffaniaUttaro) <a href=\"https:\/\/twitter.com\/SteffaniaUttaro\/status\/1431287735336194053?ref_src=twsrc%5Etfw\">August 27, 2021<\/a><\/blockquote><script async src=\"https:\/\/platform.twitter.com\/widgets.js\" charset=\"utf-8\"><\/script>\n<\/div><\/figure>\n","protected":false},"excerpt":{"rendered":"<p>La integrante del Team Montaner, explic\u00f3 que fueron dos maquinas, marca Lennovo y que est\u00e1n sin cargadores<\/p>\n","protected":false},"author":2,"featured_media":10082,"comment_status":"open","ping_status":"open","sticky":false,"template":"","format":"standard","meta":{"jnews-multi-image_gallery":[],"jnews_single_post":[],"jnews_primary_category":[],"jnews_social_meta":[],"jnews_review":[],"enable_review":"","type":"","name":"","summary":"","brand":"","sku":"","good":[],"bad":[],"score_override":"","override_value":"","rating":[],"price":[],"jnews_override_counter":[],"jnews_post_split":[],"footnotes":""},"categories":[64],"tags":[1031,45,1120,67],"class_list":["post-10081","post","type-post","status-publish","format-standard","has-post-thumbnail","hentry","category-sucesos","tag-la-voz-argentina","tag-noticias","tag-steffania","tag-venezolanos-en-argentina"],"_links":{"self":[{"href":"https:\/\/esreviral.com\/index.php?rest_route=\/wp\/v2\/posts\/10081","targetHints":{"allow":["GET"]}}],"collection":[{"href":"https:\/\/esreviral.com\/index.php?rest_route=\/wp\/v2\/posts"}],"about":[{"href":"https:\/\/esreviral.com\/index.php?rest_route=\/wp\/v2\/types\/post"}],"author":[{"embeddable":true,"href":"https:\/\/esreviral.com\/index.php?rest_route=\/wp\/v2\/users\/2"}],"replies":[{"embeddable":true,"href":"https:\/\/esreviral.com\/index.php?rest_route=%2Fwp%2Fv2%2Fcomments&post=10081"}],"version-history":[{"count":0,"href":"https:\/\/esreviral.com\/index.php?rest_route=\/wp\/v2\/posts\/10081\/revisions"}],"wp:featuredmedia":[{"embeddable":true,"href":"https:\/\/esreviral.com\/index.php?rest_route=\/"}],"wp:attachment":[{"href":"https:\/\/esreviral.com\/index.php?rest_route=%2Fwp%2Fv2%2Fmedia&parent=10081"}],"wp:term":[{"taxonomy":"category","embeddable":true,"href":"https:\/\/esreviral.com\/index.php?rest_route=%2Fwp%2Fv2%2Fcategories&post=10081"},{"taxonomy":"post_tag","embeddable":true,"href":"https:\/\/esreviral.com\/index.php?rest_route=%2Fwp%2Fv2%2Ftags&post=10081"}],"curies":[{"name":"wp","href":"https:\/\/api.w.org\/{rel}","templated":true}]}}