{"id":10075,"date":"2021-08-27T19:26:32","date_gmt":"2021-08-27T22:26:32","guid":{"rendered":"http:\/\/esreviral.com\/?p=10075"},"modified":"2021-08-27T19:26:32","modified_gmt":"2021-08-27T22:26:32","slug":"madre-de-un-joven-venezolano-con-leucemia-necesita-ingresar-a-argentina-para-salvarle-la-vida-a-su-hijo","status":"publish","type":"post","link":"https:\/\/esreviral.com\/?p=10075","title":{"rendered":"Madre de un joven venezolano con leucemia necesita ingresar a Argentina para salvarle la vida a su hijo"},"content":{"rendered":"\n<p><strong><em>CIS.- <\/em><\/strong>Nuevamente las restricciones puestas por el Gobierno de Argentina impiden que una familia se reencuentre, en esta oportunidad no para disfrutar de un paseo sino de <strong>una madre que necesita unirse con su \u00fanico hijo y que fue diagnosticado con leucemia aguda de fenotipo mixto y le donar\u00e1 parte de su m\u00e9dula \u00f3sea para salvar su vida.<\/strong><\/p>\n\n\n\n<p>Rafael Monsalve, presidente de la Asociaci\u00f3n de Venezolanos en el Oeste (AVZO), explic\u00f3 que ya tienen todos los requisitos que exigen desde migraciones, sin embargo, <strong>hasta ahora no se ha permitido la entrada de Aerom\u00e9xico, que ser\u00eda la empresa que trasladar\u00e1 a la madre de Carlos Tovar, de 25 a\u00f1os de edad. <\/strong><\/p>\n\n\n\n<p>El paciente se encuentra recluido en el Hospital de Cl\u00ednicas de San Mart\u00edn y  sufre la enfermedad desde el pasado 7 de junio.<strong> El joven huy\u00f3 de la crisis sanitaria venezolana en el a\u00f1o 2016, dejando a su madre, quien a su vez fue su padre en la crianza. <\/strong><\/p>\n\n\n\n<figure class=\"wp-block-image size-large\"><img decoding=\"async\" src=\"https:\/\/esreviral.com\/wp-content\/uploads\/2021\/08\/WhatsApp-Image-2021-08-27-at-19.24.11-1.jpeg\" alt=\"\" class=\"wp-image-10078\"\/><figcaption>En 2016, Carlos Tocar huyo de la crisis sanitaria de su pa\u00eds<\/figcaption><\/figure>\n\n\n\n<p>Tras el diagnostico, al joven <strong>le realizaron quimioterapias y necesita un transplante de m\u00e9dula \u00f3sea, el cual, tiene una probabilidad de 50 % que sean sus familiares directos tengan compatibilidad<\/strong>, en este caso, su madre. <\/p>\n\n\n\n<p>Los m\u00e9dicos han manifestado la preocupaci\u00f3n ante la ausencia de donantes que sean compatible por lo que <strong>pidieron que la progenitora viaje hasta Argentina para que puedan hacerle el tratamiento<\/strong> de lo contrario volver\u00e1n los ciclos de quimioterapia que deterioran cada vez m\u00e1s su cuerpo. <\/p>\n\n\n\n<p>Desde el 23 de julio la dama cuenta con el pasaje por Aereom\u00e9xico pero por las restricciones se ha retrasado el vuelo, a pesar de tener todo lo necesario para ingresar al pa\u00eds. <strong>\u00abYa han hecho tres reprogramaciones, ahora dicen que para el primero de septiembre<\/strong> pero necesitamos que el ANAC autorice la entrada de este vuelo para que Carlos pueda salvar su vida, por eso hacemos el llamado a la directora de migraciones para que se avoque al tema\u00bb, expres\u00f3 Monsalve. <\/p>\n\n\n\n<figure class=\"wp-block-image size-large\"><img decoding=\"async\" src=\"http:\/\/esreviral.com\/wp-content\/uploads\/2021\/08\/Captura-de-Pantalla-2021-08-27-a-las-19.25.03.png\" alt=\"\" class=\"wp-image-10076\"\/><\/figure>\n\n\n\n<p><br><br> <br><\/p>\n","protected":false},"excerpt":{"rendered":"<p>Le donar\u00e1 parte de su m\u00e9dula \u00f3sea para que le hagan transplante <\/p>\n","protected":false},"author":2,"featured_media":10080,"comment_status":"open","ping_status":"open","sticky":false,"template":"","format":"standard","meta":{"jnews-multi-image_gallery":[],"jnews_single_post":[],"jnews_primary_category":[],"jnews_social_meta":[],"jnews_review":[],"enable_review":"","type":"","name":"","summary":"","brand":"","sku":"","good":[],"bad":[],"score_override":"","override_value":"","rating":[],"price":[],"jnews_override_counter":[],"jnews_post_split":[],"footnotes":""},"categories":[54],"tags":[45,67],"class_list":["post-10075","post","type-post","status-publish","format-standard","has-post-thumbnail","hentry","category-inmigracion","tag-noticias","tag-venezolanos-en-argentina"],"_links":{"self":[{"href":"https:\/\/esreviral.com\/index.php?rest_route=\/wp\/v2\/posts\/10075","targetHints":{"allow":["GET"]}}],"collection":[{"href":"https:\/\/esreviral.com\/index.php?rest_route=\/wp\/v2\/posts"}],"about":[{"href":"https:\/\/esreviral.com\/index.php?rest_route=\/wp\/v2\/types\/post"}],"author":[{"embeddable":true,"href":"https:\/\/esreviral.com\/index.php?rest_route=\/wp\/v2\/users\/2"}],"replies":[{"embeddable":true,"href":"https:\/\/esreviral.com\/index.php?rest_route=%2Fwp%2Fv2%2Fcomments&post=10075"}],"version-history":[{"count":0,"href":"https:\/\/esreviral.com\/index.php?rest_route=\/wp\/v2\/posts\/10075\/revisions"}],"wp:featuredmedia":[{"embeddable":true,"href":"https:\/\/esreviral.com\/index.php?rest_route=\/"}],"wp:attachment":[{"href":"https:\/\/esreviral.com\/index.php?rest_route=%2Fwp%2Fv2%2Fmedia&parent=10075"}],"wp:term":[{"taxonomy":"category","embeddable":true,"href":"https:\/\/esreviral.com\/index.php?rest_route=%2Fwp%2Fv2%2Fcategories&post=10075"},{"taxonomy":"post_tag","embeddable":true,"href":"https:\/\/esreviral.com\/index.php?rest_route=%2Fwp%2Fv2%2Ftags&post=10075"}],"curies":[{"name":"wp","href":"https:\/\/api.w.org\/{rel}","templated":true}]}}