{"id":10061,"date":"2021-08-27T16:50:40","date_gmt":"2021-08-27T19:50:40","guid":{"rendered":"http:\/\/esreviral.com\/?p=10061"},"modified":"2021-08-27T16:50:40","modified_gmt":"2021-08-27T19:50:40","slug":"quienes-son-los-candidatos-por-los-que-pueden-votar-los-venezolanos-en-pilar","status":"publish","type":"post","link":"https:\/\/esreviral.com\/?p=10061","title":{"rendered":"Qui\u00e9nes son los candidatos por los que pueden votar los venezolanos en Pilar"},"content":{"rendered":"\n<p>El 12 de septiembre los argentinos y extranjeros con DNI permanente y mayores de 16 a\u00f1os de edad, tendr\u00e1n un encuentro con las urnas electorales en las Primarias Abiertas, Simult\u00e1neas y Obligatorias (PASO). <\/p>\n\n\n\n<p>Recordamos que en esta oportunidad son m\u00e1s de 400 mil los extranjeros que podr\u00e1n sufragar y en los venezolanos representan poco m\u00e1s del 6 % de ese electorado. <\/p>\n\n\n\n<p>En el caso de Pilar, el ofi\u00adcia\u00adlis\u00admo que tie\u00adne a Fe\u00adde\u00adri\u00adco Acha\u00adval como alcalde, pos\u00adtu\u00adla a San\u00adtia\u00adgo Lau\u00adrent. <\/p>\n\n\n\n<p>Jun\u00adtos pre\u00adsen\u00adta\u00adr\u00e1  cua\u00adtro op\u00adcio\u00adnes: el excon\u00adce\u00adjal y ju\u00adga\u00addor de f\u00fat\u00adbol, Se\u00adbas\u00adti\u00e1n Neus\u00adpi\u00adller en una de las lis\u00adtas de San\u00adtillli, Ana\u00adl\u00eda Le\u00adgui\u00adza\u00adm\u00f3n, Die\u00adgo Ra\u00adnie\u00adlli por una de las de Ma\u00adnes y Gus\u00adta\u00advo Trin\u00adda\u00adde en la otra. <\/p>\n\n\n\n<p>Jos\u00e9 Luis Es\u00adpert ten\u00addr\u00e1 a Juan Mar\u00adt\u00edn Ti\u00adto, en tan\u00adto que Va\u00admos con Vos tie\u00adne a Pa\u00adblo Ca\u00adma\u00adcho.<\/p>\n","protected":false},"excerpt":{"rendered":"<p>El 12 de septiembre los argentinos y extranjeros con DNI permanente y mayores de 16 a\u00f1os de edad, tendr\u00e1n un encuentro con las urnas electorales en las Primarias Abiertas, Simult\u00e1neas y Obligatorias (PASO). Recordamos que en esta oportunidad son m\u00e1s de 400 mil los extranjeros que podr\u00e1n sufragar y en los venezolanos representan poco m\u00e1s [&hellip;]<\/p>\n","protected":false},"author":2,"featured_media":10062,"comment_status":"open","ping_status":"open","sticky":false,"template":"","format":"standard","meta":{"jnews-multi-image_gallery":[],"jnews_single_post":[],"jnews_primary_category":[],"jnews_social_meta":[],"jnews_review":[],"enable_review":"","type":"","name":"","summary":"","brand":"","sku":"","good":[],"bad":[],"score_override":"","override_value":"","rating":[],"price":[],"jnews_override_counter":[],"jnews_post_split":[],"footnotes":""},"categories":[58,59],"tags":[44,1047,45,67],"class_list":["post-10061","post","type-post","status-publish","format-standard","has-post-thumbnail","hentry","category-argentina","category-politica","tag-argentina","tag-elecciones-paso","tag-noticias","tag-venezolanos-en-argentina"],"_links":{"self":[{"href":"https:\/\/esreviral.com\/index.php?rest_route=\/wp\/v2\/posts\/10061","targetHints":{"allow":["GET"]}}],"collection":[{"href":"https:\/\/esreviral.com\/index.php?rest_route=\/wp\/v2\/posts"}],"about":[{"href":"https:\/\/esreviral.com\/index.php?rest_route=\/wp\/v2\/types\/post"}],"author":[{"embeddable":true,"href":"https:\/\/esreviral.com\/index.php?rest_route=\/wp\/v2\/users\/2"}],"replies":[{"embeddable":true,"href":"https:\/\/esreviral.com\/index.php?rest_route=%2Fwp%2Fv2%2Fcomments&post=10061"}],"version-history":[{"count":0,"href":"https:\/\/esreviral.com\/index.php?rest_route=\/wp\/v2\/posts\/10061\/revisions"}],"wp:featuredmedia":[{"embeddable":true,"href":"https:\/\/esreviral.com\/index.php?rest_route=\/"}],"wp:attachment":[{"href":"https:\/\/esreviral.com\/index.php?rest_route=%2Fwp%2Fv2%2Fmedia&parent=10061"}],"wp:term":[{"taxonomy":"category","embeddable":true,"href":"https:\/\/esreviral.com\/index.php?rest_route=%2Fwp%2Fv2%2Fcategories&post=10061"},{"taxonomy":"post_tag","embeddable":true,"href":"https:\/\/esreviral.com\/index.php?rest_route=%2Fwp%2Fv2%2Ftags&post=10061"}],"curies":[{"name":"wp","href":"https:\/\/api.w.org\/{rel}","templated":true}]}}