{"id":10021,"date":"2021-08-27T07:14:54","date_gmt":"2021-08-27T10:14:54","guid":{"rendered":"http:\/\/esreviral.com\/?p=10021"},"modified":"2021-08-27T07:14:54","modified_gmt":"2021-08-27T10:14:54","slug":"sueno-bendito-la-serie-maradona-se-estrenara-a-finales-de-octubre","status":"publish","type":"post","link":"https:\/\/esreviral.com\/?p=10021","title":{"rendered":"Sue\u00f1o bendito, la serie Maradona se estrenar\u00e1 a finales de octubre"},"content":{"rendered":"\n<p>La esperada serie \u00ab<strong>Maradona: Sue\u00f1o bendito<\/strong>\u00ab, una de las grandes apuestas de&nbsp;<strong>Amazon Prime Video<\/strong>&nbsp;que retrata la vida del m\u00e1ximo astro futbol\u00edstico mundial, finalmente tendr\u00e1 su estreno el pr\u00f3ximo 29 de octubre, en la v\u00edspera de lo que hubiera sido su 61 cumplea\u00f1os.<\/p>\n\n\n\n<p>La bioserie, protagonizada por&nbsp;<strong>Nazareno Casero<\/strong>,&nbsp;<strong>Juan Palomino<\/strong>&nbsp;y&nbsp;<strong>Nicolas Goldschmidt<\/strong>, quienes encarnar\u00e1n a Maradona en distintas etapas de su vida, se emitir\u00e1 en episodios semanales a trav\u00e9s de Amazon Prime Video en m\u00e1s de 240 pa\u00edses y territorios.<\/p>\n\n\n\n<p>La producci\u00f3n fue rodada en cinco pa\u00edses diferentes -la Argentina, M\u00e9xico, Espa\u00f1a, Italia y Uruguay- y en escenarios emblem\u00e1ticos como La Bombonera o el estadio Azteca de M\u00e9xico, en donde el futbolista alcanz\u00f3 la gloria m\u00e1xima durante el Mundial de 1986.<\/p>\n\n\n\n<p>El elenco cuenta con figuras como&nbsp;<strong>Mercedes Mor\u00e1n<\/strong>&nbsp;y&nbsp;<strong>Rita Cortese<\/strong>, en el rol de Do\u00f1a Tota;&nbsp;<strong>Pepe Monje<\/strong>&nbsp;y&nbsp;<strong>Claudio Rissi<\/strong>, como Don Diego; y Laura Esquivel y&nbsp;<strong>Julieta Cardinali<\/strong>, como Claudia Villafa\u00f1e.<\/p>\n\n\n\n<p>Tambi\u00e9n est\u00e1n&nbsp;<strong>Leonardo Sbaraglia<\/strong>, como Guillermo Coppola;&nbsp;<strong>Peter Lanzani<\/strong>&nbsp;, como Jorge Cyterszpiller;&nbsp;<strong>Marcelo Mazzarello<\/strong>, en el rol de Carlos Bilardo;&nbsp;<strong>Dar\u00edo Grandinetti<\/strong>, como C\u00e9sar Menotti; y&nbsp;<strong>Nicol\u00e1s Furtado<\/strong>, como Daniel Passarella, entre otros.<\/p>\n\n\n\n<figure class=\"wp-block-embed-youtube wp-block-embed is-type-video is-provider-youtube wp-embed-aspect-16-9 wp-has-aspect-ratio\"><div class=\"wp-block-embed__wrapper\">\n<div class=\"jeg_video_container jeg_video_content\"><iframe title=\"Maradona: Sue\u00f1o Bendito - Teaser | Amazon Prime Video\" width=\"500\" height=\"281\" src=\"https:\/\/www.youtube.com\/embed\/PI9KwG6SPcE?feature=oembed\" frameborder=\"0\" allow=\"accelerometer; autoplay; clipboard-write; encrypted-media; gyroscope; picture-in-picture; web-share\" referrerpolicy=\"strict-origin-when-cross-origin\" allowfullscreen><\/iframe><\/div>\n<\/div><\/figure>\n\n\n\n<p>La coproducci\u00f3n entre Amazon y la mexicana BTF Media fue dirigida por el cordob\u00e9s&nbsp;<strong>Alejandro Aimetta<\/strong>, quien en una ronda de prensa del a\u00f1o pasado con medios europeos y latinoamericanos, se refiri\u00f3 al desaf\u00edo de filmar una serie basada en la vida del astro.<\/p>\n\n\n\n<p>\u00abDiego es mucho m\u00e1s que un jugador de f\u00fatbol\u00bb, hab\u00eda advertido el director, para luego a\u00f1adir: \u00abLo que lo diferencia de cualquier otro jugador es que es cercano, tiene el origen que tuvimos muchos y eso lo hace propio. No deja de representarnos, tanto en lo bueno como, a veces, en lo malo\u00bb.<\/p>\n\n\n\n<blockquote class=\"wp-block-quote is-layout-flow wp-block-quote-is-layout-flow\"><p>\u00abDiego es mucho m\u00e1s que un jugador de f\u00fatbol. Lo que lo diferencia de cualquier otro jugador es que es cercano, tiene el origen que tuvimos muchos y eso lo hace propio. No deja de representarnos, tanto en lo bueno como, a veces, en lo malo\u00bb, ALEJANDRO AIMETTA<\/p><\/blockquote>\n\n\n\n<p>La vida y leyenda del \u00ab10\u00bb fue retratada en documentales como los filmes de Emir Kusturica (\u00abMaradona por Kusturica\u00bb, 2008) o de Asif Kapadia (\u00abDiego Maradona\u00bb, 2019) o la serie de Netflix \u00abMaradona en Sinaloa\u00bb (2019), que mostraba la intimidad de su experiencia como director t\u00e9cnico del equipo mexicano de esa ciudad.<\/p>\n\n\n\n<p>Incluso el crack actu\u00f3 de s\u00ed mismo en la olvidable pel\u00edcula de ficci\u00f3n \u00abEl d\u00eda que Maradona conoci\u00f3 a Gardel\u00bb (Rodolfo Pagliere, 1996), pero hasta ahora su historia nunca hab\u00eda sido objeto de una serie guionada.<\/p>\n\n\n\n<figure class=\"wp-block-image size-large is-resized\"><img fetchpriority=\"high\" decoding=\"async\" src=\"https:\/\/esreviral.com\/wp-content\/uploads\/2021\/08\/suenobendito-poster-27-8-21-esreviral.jpg\" alt=\"\" class=\"wp-image-10023\" width=\"613\" height=\"869\"\/><\/figure>\n\n\n\n<p>\u00abMaradona: Sue\u00f1o bendito\u00bb fue escrita por&nbsp;<strong>Guillermo Salmer\u00f3n<\/strong>&nbsp;y&nbsp;<strong>Silvina Olschansky<\/strong>&nbsp;(\u00abEl Marginal\u00bb), y cont\u00f3 con el visto bueno del propio Maradona, quien mantuvo varias conversaciones con Aimetta antes de que la producci\u00f3n entrara en grabaciones.<\/p>\n\n\n\n<figure class=\"wp-block-image size-large\"><img decoding=\"async\" src=\"https:\/\/esreviral.com\/wp-content\/uploads\/2021\/08\/suenobendito1-27-8-21-esreviral.jpg\" alt=\"\" class=\"wp-image-10024\"\/><\/figure>\n\n\n\n<p class=\"has-text-align-right\"><strong><em>Telam<\/em><\/strong><\/p>\n","protected":false},"excerpt":{"rendered":"<p>La bioserie es protagonizada por Nazareno Casero, Juan Palomino y Nicolas Goldschmidt, quienes encarnar\u00e1n al astro en distintas etapas de su vida. \u00abDiego es mucho m\u00e1s que un jugador de f\u00fatbol\u00bb, dijo el director, Alejandro Aimetta.<\/p>\n","protected":false},"author":2,"featured_media":10022,"comment_status":"open","ping_status":"open","sticky":false,"template":"","format":"standard","meta":{"jnews-multi-image_gallery":[],"jnews_single_post":[],"jnews_primary_category":[],"jnews_social_meta":[],"jnews_review":[],"enable_review":"","type":"","name":"","summary":"","brand":"","sku":"","good":[],"bad":[],"score_override":"","override_value":"","rating":[],"price":[],"jnews_override_counter":[],"jnews_post_split":[],"footnotes":""},"categories":[1069],"tags":[542,177],"class_list":["post-10021","post","type-post","status-publish","format-standard","has-post-thumbnail","hentry","category-cine-y-series","tag-amazon-prime","tag-maradona"],"amp_enabled":true,"_links":{"self":[{"href":"https:\/\/esreviral.com\/index.php?rest_route=\/wp\/v2\/posts\/10021"}],"collection":[{"href":"https:\/\/esreviral.com\/index.php?rest_route=\/wp\/v2\/posts"}],"about":[{"href":"https:\/\/esreviral.com\/index.php?rest_route=\/wp\/v2\/types\/post"}],"author":[{"embeddable":true,"href":"https:\/\/esreviral.com\/index.php?rest_route=\/wp\/v2\/users\/2"}],"replies":[{"embeddable":true,"href":"https:\/\/esreviral.com\/index.php?rest_route=%2Fwp%2Fv2%2Fcomments&post=10021"}],"version-history":[{"count":0,"href":"https:\/\/esreviral.com\/index.php?rest_route=\/wp\/v2\/posts\/10021\/revisions"}],"wp:featuredmedia":[{"embeddable":true,"href":"https:\/\/esreviral.com\/index.php?rest_route=\/"}],"wp:attachment":[{"href":"https:\/\/esreviral.com\/index.php?rest_route=%2Fwp%2Fv2%2Fmedia&parent=10021"}],"wp:term":[{"taxonomy":"category","embeddable":true,"href":"https:\/\/esreviral.com\/index.php?rest_route=%2Fwp%2Fv2%2Fcategories&post=10021"},{"taxonomy":"post_tag","embeddable":true,"href":"https:\/\/esreviral.com\/index.php?rest_route=%2Fwp%2Fv2%2Ftags&post=10021"}],"curies":[{"name":"wp","href":"https:\/\/api.w.org\/{rel}","templated":true}]}}